{"id":21746,"date":"2025-11-03T21:22:21","date_gmt":"2025-11-03T19:22:21","guid":{"rendered":"https:\/\/www.granadablogs.com\/juezcalatayud\/?p=21746"},"modified":"2025-11-03T21:22:21","modified_gmt":"2025-11-03T19:22:21","slug":"hija-no-creo-que-el-maestro-te-tenga-mania-no-si-soy-yo-la-que-le-tiene-mania","status":"publish","type":"post","link":"https:\/\/www.granadablogs.com\/juezcalatayud\/2025\/11\/hija-no-creo-que-el-maestro-te-tenga-mania-no-si-soy-yo-la-que-le-tiene-mania\/","title":{"rendered":"\u00abHija, no creo que el maestro te tenga man\u00eda\u00bb \u00abNo, si soy yo la que le tiene man\u00eda\u00bb"},"content":{"rendered":"\n<p>Buenas, soy Emilio Calatayud. Hay que reconocer que los ni\u00f1os tienen gracia. No son pol\u00edticamente correctos todav\u00eda y eso hace que tengan salidas que te hacen re\u00edr, aunque esas salidas no sean pol\u00edticamente correctas. Una madre amiga le dice a su hija: \u00abNo creo que el maestro te tenga man\u00eda por esa tonter\u00eda\u00bb. Respuesta de la ni\u00f1a: \u00abNo, si soy yo la que le tiene man\u00eda\u00bb. Lo siento, ya sab\u00e9is cu\u00e1nto aprecio y defiendo la labor de los maestros y las se\u00f1os, pero me ha dado la risa, ja, ja, ja. <\/p>\n","protected":false},"excerpt":{"rendered":"<p>Buenas, soy Emilio Calatayud. Hay que reconocer que los ni\u00f1os tienen gracia. No son pol\u00edticamente correctos todav\u00eda y eso hace que tengan salidas que te hacen re\u00edr, aunque esas salidas no sean pol\u00edticamente correctas. Una madre amiga le dice a su hija: \u00abNo creo que el maestro te tenga man\u00eda por esa tonter\u00eda\u00bb. Respuesta de [&hellip;]<\/p>\n","protected":false},"author":1,"featured_media":13866,"comment_status":"open","ping_status":"open","sticky":false,"template":"","format":"standard","meta":{"jetpack_post_was_ever_published":false,"_jetpack_newsletter_access":"","_jetpack_dont_email_post_to_subs":false,"_jetpack_newsletter_tier_id":0,"_jetpack_memberships_contains_paywalled_content":false,"_jetpack_memberships_contains_paid_content":false,"footnotes":""},"categories":[],"tags":[1,1226,4188],"class_list":["post-21746","post","type-post","status-publish","format-standard","has-post-thumbnail","hentry","tag-blog","tag-maestro","tag-mania"],"jetpack_featured_media_url":"https:\/\/www.granadablogs.com\/juezcalatayud\/wp-content\/uploads\/2020\/11\/Emilio.jpg","jetpack_shortlink":"https:\/\/wp.me\/p5fzW5-5EK","jetpack-related-posts":[],"jetpack_sharing_enabled":true,"_links":{"self":[{"href":"https:\/\/www.granadablogs.com\/juezcalatayud\/wp-json\/wp\/v2\/posts\/21746","targetHints":{"allow":["GET"]}}],"collection":[{"href":"https:\/\/www.granadablogs.com\/juezcalatayud\/wp-json\/wp\/v2\/posts"}],"about":[{"href":"https:\/\/www.granadablogs.com\/juezcalatayud\/wp-json\/wp\/v2\/types\/post"}],"author":[{"embeddable":true,"href":"https:\/\/www.granadablogs.com\/juezcalatayud\/wp-json\/wp\/v2\/users\/1"}],"replies":[{"embeddable":true,"href":"https:\/\/www.granadablogs.com\/juezcalatayud\/wp-json\/wp\/v2\/comments?post=21746"}],"version-history":[{"count":1,"href":"https:\/\/www.granadablogs.com\/juezcalatayud\/wp-json\/wp\/v2\/posts\/21746\/revisions"}],"predecessor-version":[{"id":21747,"href":"https:\/\/www.granadablogs.com\/juezcalatayud\/wp-json\/wp\/v2\/posts\/21746\/revisions\/21747"}],"wp:featuredmedia":[{"embeddable":true,"href":"https:\/\/www.granadablogs.com\/juezcalatayud\/wp-json\/wp\/v2\/media\/13866"}],"wp:attachment":[{"href":"https:\/\/www.granadablogs.com\/juezcalatayud\/wp-json\/wp\/v2\/media?parent=21746"}],"wp:term":[{"taxonomy":"category","embeddable":true,"href":"https:\/\/www.granadablogs.com\/juezcalatayud\/wp-json\/wp\/v2\/categories?post=21746"},{"taxonomy":"post_tag","embeddable":true,"href":"https:\/\/www.granadablogs.com\/juezcalatayud\/wp-json\/wp\/v2\/tags?post=21746"}],"curies":[{"name":"wp","href":"https:\/\/api.w.org\/{rel}","templated":true}]}}