{"id":21732,"date":"2025-10-29T16:55:19","date_gmt":"2025-10-29T14:55:19","guid":{"rendered":"https:\/\/www.granadablogs.com\/juezcalatayud\/?p=21732"},"modified":"2025-10-29T16:55:19","modified_gmt":"2025-10-29T14:55:19","slug":"el-horror-de-la-dana-y-el-amor-de-un-hijo-adios-mama-no-pudimos-llegar-a-tiempo","status":"publish","type":"post","link":"https:\/\/www.granadablogs.com\/juezcalatayud\/2025\/10\/el-horror-de-la-dana-y-el-amor-de-un-hijo-adios-mama-no-pudimos-llegar-a-tiempo\/","title":{"rendered":"El horror de la dana y el amor de un hijo: \u00abAdi\u00f3s mam\u00e1, no pudimos llegar a tiempo\u00bb"},"content":{"rendered":"\n<p>Buenas, soy Emilio Calatayud. He visto en las noticias al hijo de una anciana que muri\u00f3 por la dana de Levante. La mujer estaba en una residencia y no pudo salvarse. Cuando el hijo lleg\u00f3, ya no hab\u00eda nada que hacer y el hombre escribi\u00f3 en la pared: \u00abAdi\u00f3s mam\u00e1, no pudimos llegar a tiempo\u00bb. El horror de la dana y el amor de un hijo. Un abrazo para todas la v\u00edctimas y sus familias. <\/p>\n","protected":false},"excerpt":{"rendered":"<p>Buenas, soy Emilio Calatayud. He visto en las noticias al hijo de una anciana que muri\u00f3 por la dana de Levante. La mujer estaba en una residencia y no pudo salvarse. Cuando el hijo lleg\u00f3, ya no hab\u00eda nada que hacer y el hombre escribi\u00f3 en la pared: \u00abAdi\u00f3s mam\u00e1, no pudimos llegar a tiempo\u00bb. [&hellip;]<\/p>\n","protected":false},"author":1,"featured_media":8951,"comment_status":"open","ping_status":"open","sticky":false,"template":"","format":"standard","meta":{"jetpack_post_was_ever_published":false,"_jetpack_newsletter_access":"","_jetpack_dont_email_post_to_subs":false,"_jetpack_newsletter_tier_id":0,"_jetpack_memberships_contains_paywalled_content":false,"_jetpack_memberships_contains_paid_content":false,"footnotes":""},"categories":[],"tags":[4186,1,3893,399],"class_list":["post-21732","post","type-post","status-publish","format-standard","has-post-thumbnail","hentry","tag-anciana","tag-blog","tag-dana","tag-hijo"],"jetpack_featured_media_url":"https:\/\/www.granadablogs.com\/juezcalatayud\/wp-content\/uploads\/2018\/08\/Emil-e1710171072635.jpeg","jetpack_shortlink":"https:\/\/wp.me\/p5fzW5-5Ew","jetpack-related-posts":[],"jetpack_sharing_enabled":true,"_links":{"self":[{"href":"https:\/\/www.granadablogs.com\/juezcalatayud\/wp-json\/wp\/v2\/posts\/21732","targetHints":{"allow":["GET"]}}],"collection":[{"href":"https:\/\/www.granadablogs.com\/juezcalatayud\/wp-json\/wp\/v2\/posts"}],"about":[{"href":"https:\/\/www.granadablogs.com\/juezcalatayud\/wp-json\/wp\/v2\/types\/post"}],"author":[{"embeddable":true,"href":"https:\/\/www.granadablogs.com\/juezcalatayud\/wp-json\/wp\/v2\/users\/1"}],"replies":[{"embeddable":true,"href":"https:\/\/www.granadablogs.com\/juezcalatayud\/wp-json\/wp\/v2\/comments?post=21732"}],"version-history":[{"count":1,"href":"https:\/\/www.granadablogs.com\/juezcalatayud\/wp-json\/wp\/v2\/posts\/21732\/revisions"}],"predecessor-version":[{"id":21733,"href":"https:\/\/www.granadablogs.com\/juezcalatayud\/wp-json\/wp\/v2\/posts\/21732\/revisions\/21733"}],"wp:featuredmedia":[{"embeddable":true,"href":"https:\/\/www.granadablogs.com\/juezcalatayud\/wp-json\/wp\/v2\/media\/8951"}],"wp:attachment":[{"href":"https:\/\/www.granadablogs.com\/juezcalatayud\/wp-json\/wp\/v2\/media?parent=21732"}],"wp:term":[{"taxonomy":"category","embeddable":true,"href":"https:\/\/www.granadablogs.com\/juezcalatayud\/wp-json\/wp\/v2\/categories?post=21732"},{"taxonomy":"post_tag","embeddable":true,"href":"https:\/\/www.granadablogs.com\/juezcalatayud\/wp-json\/wp\/v2\/tags?post=21732"}],"curies":[{"name":"wp","href":"https:\/\/api.w.org\/{rel}","templated":true}]}}