{"id":21729,"date":"2025-10-30T21:06:01","date_gmt":"2025-10-30T19:06:01","guid":{"rendered":"https:\/\/www.granadablogs.com\/juezcalatayud\/?p=21729"},"modified":"2025-10-30T21:06:01","modified_gmt":"2025-10-30T19:06:01","slug":"hay-alumnos-que-parecen-estar-poseidos-una-seno-de-eso-sobre-la-conducta-de-algunos-estudiantes-toma-halloween","status":"publish","type":"post","link":"https:\/\/www.granadablogs.com\/juezcalatayud\/2025\/10\/hay-alumnos-que-parecen-estar-poseidos-una-seno-de-eso-sobre-la-conducta-de-algunos-estudiantes-toma-halloween\/","title":{"rendered":"\u00abHay alumnos que parecen estar pose\u00eddos\u00bb, una se\u00f1o de ESO sobre la conducta de algunos estudiantes. \u00a1Toma Halloween!"},"content":{"rendered":"\n<p>Buenas, soy Emilio Calatayud. Una se\u00f1o de ESO sobre la conducta de algunos estudiantes: \u00abHay alumnos que parecen estar pose\u00eddos\u00bb. No creo que exista una descripci\u00f3n m\u00e1s acertada para explicar el resultado de la mala educaci\u00f3n de muchos ni\u00f1os y de la p\u00e9rdida de autoridad de los docentes. Ahora que est\u00e1 cerca, \u00a1toma Halloween!<\/p>\n","protected":false},"excerpt":{"rendered":"<p>Buenas, soy Emilio Calatayud. Una se\u00f1o de ESO sobre la conducta de algunos estudiantes: \u00abHay alumnos que parecen estar pose\u00eddos\u00bb. No creo que exista una descripci\u00f3n m\u00e1s acertada para explicar el resultado de la mala educaci\u00f3n de muchos ni\u00f1os y de la p\u00e9rdida de autoridad de los docentes. Ahora que est\u00e1 cerca, \u00a1toma Halloween!<\/p>\n","protected":false},"author":1,"featured_media":18975,"comment_status":"open","ping_status":"open","sticky":false,"template":"","format":"standard","meta":{"jetpack_post_was_ever_published":false,"_jetpack_newsletter_access":"","_jetpack_dont_email_post_to_subs":false,"_jetpack_newsletter_tier_id":0,"_jetpack_memberships_contains_paywalled_content":false,"_jetpack_memberships_contains_paid_content":false,"footnotes":""},"categories":[],"tags":[414,1,4185],"class_list":["post-21729","post","type-post","status-publish","format-standard","has-post-thumbnail","hentry","tag-alumnos","tag-blog","tag-poseidos"],"jetpack_featured_media_url":"https:\/\/www.granadablogs.com\/juezcalatayud\/wp-content\/uploads\/2024\/01\/Emilio-scaled.jpg","jetpack_shortlink":"https:\/\/wp.me\/p5fzW5-5Et","jetpack-related-posts":[],"jetpack_sharing_enabled":true,"_links":{"self":[{"href":"https:\/\/www.granadablogs.com\/juezcalatayud\/wp-json\/wp\/v2\/posts\/21729","targetHints":{"allow":["GET"]}}],"collection":[{"href":"https:\/\/www.granadablogs.com\/juezcalatayud\/wp-json\/wp\/v2\/posts"}],"about":[{"href":"https:\/\/www.granadablogs.com\/juezcalatayud\/wp-json\/wp\/v2\/types\/post"}],"author":[{"embeddable":true,"href":"https:\/\/www.granadablogs.com\/juezcalatayud\/wp-json\/wp\/v2\/users\/1"}],"replies":[{"embeddable":true,"href":"https:\/\/www.granadablogs.com\/juezcalatayud\/wp-json\/wp\/v2\/comments?post=21729"}],"version-history":[{"count":1,"href":"https:\/\/www.granadablogs.com\/juezcalatayud\/wp-json\/wp\/v2\/posts\/21729\/revisions"}],"predecessor-version":[{"id":21730,"href":"https:\/\/www.granadablogs.com\/juezcalatayud\/wp-json\/wp\/v2\/posts\/21729\/revisions\/21730"}],"wp:featuredmedia":[{"embeddable":true,"href":"https:\/\/www.granadablogs.com\/juezcalatayud\/wp-json\/wp\/v2\/media\/18975"}],"wp:attachment":[{"href":"https:\/\/www.granadablogs.com\/juezcalatayud\/wp-json\/wp\/v2\/media?parent=21729"}],"wp:term":[{"taxonomy":"category","embeddable":true,"href":"https:\/\/www.granadablogs.com\/juezcalatayud\/wp-json\/wp\/v2\/categories?post=21729"},{"taxonomy":"post_tag","embeddable":true,"href":"https:\/\/www.granadablogs.com\/juezcalatayud\/wp-json\/wp\/v2\/tags?post=21729"}],"curies":[{"name":"wp","href":"https:\/\/api.w.org\/{rel}","templated":true}]}}