{"id":21709,"date":"2025-10-24T20:07:29","date_gmt":"2025-10-24T18:07:29","guid":{"rendered":"https:\/\/www.granadablogs.com\/juezcalatayud\/?p=21709"},"modified":"2025-10-24T22:09:35","modified_gmt":"2025-10-24T20:09:35","slug":"mis-padres-se-deprimieron-por-el-sindrome-del-nido-vacio-los-padres-de-ahora-nos-deprimimos-por-el-sindrome-del-nido-lleno","status":"publish","type":"post","link":"https:\/\/www.granadablogs.com\/juezcalatayud\/2025\/10\/mis-padres-se-deprimieron-por-el-sindrome-del-nido-vacio-los-padres-de-ahora-nos-deprimimos-por-el-sindrome-del-nido-lleno\/","title":{"rendered":"\u00abMis padres se deprimieron por el s\u00edndrome del nido vac\u00edo; los padres de ahora nos deprimimos por el s\u00edndrome del nido lleno\u00bb"},"content":{"rendered":"\n<p>Buenas, soy Emilio Calatayud. Me habla una madre de una verdad como un templo. \u00abMis padres se deprimieron por el s\u00edndrome del nido vac\u00edo, porque los hijos nos \u00edbamos de casa y se quedaban &#8216;solicos&#8217;. Los padres de ahora nos deprimimos por el s\u00edndrome del nido lleno\u00bb. As\u00ed es, sueldos bajos y alquileres caros. Plomo en las alas. Y los padres pensando \u00bfqu\u00e9 ser\u00e1 de ellos?<\/p>\n","protected":false},"excerpt":{"rendered":"<p>Buenas, soy Emilio Calatayud. Me habla una madre de una verdad como un templo. \u00abMis padres se deprimieron por el s\u00edndrome del nido vac\u00edo, porque los hijos nos \u00edbamos de casa y se quedaban &#8216;solicos&#8217;. Los padres de ahora nos deprimimos por el s\u00edndrome del nido lleno\u00bb. As\u00ed es, sueldos bajos y alquileres caros. Plomo [&hellip;]<\/p>\n","protected":false},"author":1,"featured_media":21384,"comment_status":"open","ping_status":"open","sticky":false,"template":"","format":"standard","meta":{"jetpack_post_was_ever_published":false,"_jetpack_newsletter_access":"","_jetpack_dont_email_post_to_subs":false,"_jetpack_newsletter_tier_id":0,"_jetpack_memberships_contains_paywalled_content":false,"_jetpack_memberships_contains_paid_content":false,"footnotes":""},"categories":[],"tags":[1,450,449],"class_list":["post-21709","post","type-post","status-publish","format-standard","has-post-thumbnail","hentry","tag-blog","tag-lleno","tag-nido"],"jetpack_featured_media_url":"https:\/\/www.granadablogs.com\/juezcalatayud\/wp-content\/uploads\/2025\/07\/emil-cuatro.jpg","jetpack_shortlink":"https:\/\/wp.me\/p5fzW5-5E9","jetpack-related-posts":[],"jetpack_sharing_enabled":true,"_links":{"self":[{"href":"https:\/\/www.granadablogs.com\/juezcalatayud\/wp-json\/wp\/v2\/posts\/21709","targetHints":{"allow":["GET"]}}],"collection":[{"href":"https:\/\/www.granadablogs.com\/juezcalatayud\/wp-json\/wp\/v2\/posts"}],"about":[{"href":"https:\/\/www.granadablogs.com\/juezcalatayud\/wp-json\/wp\/v2\/types\/post"}],"author":[{"embeddable":true,"href":"https:\/\/www.granadablogs.com\/juezcalatayud\/wp-json\/wp\/v2\/users\/1"}],"replies":[{"embeddable":true,"href":"https:\/\/www.granadablogs.com\/juezcalatayud\/wp-json\/wp\/v2\/comments?post=21709"}],"version-history":[{"count":3,"href":"https:\/\/www.granadablogs.com\/juezcalatayud\/wp-json\/wp\/v2\/posts\/21709\/revisions"}],"predecessor-version":[{"id":21717,"href":"https:\/\/www.granadablogs.com\/juezcalatayud\/wp-json\/wp\/v2\/posts\/21709\/revisions\/21717"}],"wp:featuredmedia":[{"embeddable":true,"href":"https:\/\/www.granadablogs.com\/juezcalatayud\/wp-json\/wp\/v2\/media\/21384"}],"wp:attachment":[{"href":"https:\/\/www.granadablogs.com\/juezcalatayud\/wp-json\/wp\/v2\/media?parent=21709"}],"wp:term":[{"taxonomy":"category","embeddable":true,"href":"https:\/\/www.granadablogs.com\/juezcalatayud\/wp-json\/wp\/v2\/categories?post=21709"},{"taxonomy":"post_tag","embeddable":true,"href":"https:\/\/www.granadablogs.com\/juezcalatayud\/wp-json\/wp\/v2\/tags?post=21709"}],"curies":[{"name":"wp","href":"https:\/\/api.w.org\/{rel}","templated":true}]}}