{"id":21704,"date":"2025-10-21T20:02:24","date_gmt":"2025-10-21T18:02:24","guid":{"rendered":"https:\/\/www.granadablogs.com\/juezcalatayud\/?p=21704"},"modified":"2025-10-21T20:02:24","modified_gmt":"2025-10-21T18:02:24","slug":"acosar-a-un-acosador-tambien-es-delito-la-justicia-se-invento-para-desterrar-la-venganza-parece-mentira-que-todavia-haya-que-recordarlo","status":"publish","type":"post","link":"https:\/\/www.granadablogs.com\/juezcalatayud\/2025\/10\/acosar-a-un-acosador-tambien-es-delito-la-justicia-se-invento-para-desterrar-la-venganza-parece-mentira-que-todavia-haya-que-recordarlo\/","title":{"rendered":"Acosar a un acosador tambi\u00e9n es delito, la justicia se invent\u00f3 para desterrar la venganza, parece mentira que todav\u00eda haya que recordarlo"},"content":{"rendered":"\n<p>Buenas, soy Emilio Calatayud. Para evitar malentendidos o interpretaciones err\u00f3neas recuerdo que acosar a un acusado de acoso tambi\u00e9n es delito. La justicia se invent\u00f3 para desterrar la venganza, el ojo por ojo&#8230; En Menores, los fiscales acusan y los jueces dictan las sentencias. Eso se llama Estado de Derecho, parece mentira que todav\u00eda haya que recordarlo. Y esto no quiere decir que no se castigue a quien es culpable. El que la hace la paga. <\/p>\n","protected":false},"excerpt":{"rendered":"<p>Buenas, soy Emilio Calatayud. Para evitar malentendidos o interpretaciones err\u00f3neas recuerdo que acosar a un acusado de acoso tambi\u00e9n es delito. La justicia se invent\u00f3 para desterrar la venganza, el ojo por ojo&#8230; En Menores, los fiscales acusan y los jueces dictan las sentencias. Eso se llama Estado de Derecho, parece mentira que todav\u00eda haya [&hellip;]<\/p>\n","protected":false},"author":1,"featured_media":9067,"comment_status":"open","ping_status":"open","sticky":false,"template":"","format":"standard","meta":{"jetpack_post_was_ever_published":false,"_jetpack_newsletter_access":"","_jetpack_dont_email_post_to_subs":false,"_jetpack_newsletter_tier_id":0,"_jetpack_memberships_contains_paywalled_content":false,"_jetpack_memberships_contains_paid_content":false,"footnotes":""},"categories":[],"tags":[203,1],"class_list":["post-21704","post","type-post","status-publish","format-standard","has-post-thumbnail","hentry","tag-acoso-escolar","tag-blog"],"jetpack_featured_media_url":"https:\/\/www.granadablogs.com\/juezcalatayud\/wp-content\/uploads\/2018\/08\/emilio-calatayud.jpg","jetpack_shortlink":"https:\/\/wp.me\/p5fzW5-5E4","jetpack-related-posts":[],"jetpack_sharing_enabled":true,"_links":{"self":[{"href":"https:\/\/www.granadablogs.com\/juezcalatayud\/wp-json\/wp\/v2\/posts\/21704","targetHints":{"allow":["GET"]}}],"collection":[{"href":"https:\/\/www.granadablogs.com\/juezcalatayud\/wp-json\/wp\/v2\/posts"}],"about":[{"href":"https:\/\/www.granadablogs.com\/juezcalatayud\/wp-json\/wp\/v2\/types\/post"}],"author":[{"embeddable":true,"href":"https:\/\/www.granadablogs.com\/juezcalatayud\/wp-json\/wp\/v2\/users\/1"}],"replies":[{"embeddable":true,"href":"https:\/\/www.granadablogs.com\/juezcalatayud\/wp-json\/wp\/v2\/comments?post=21704"}],"version-history":[{"count":1,"href":"https:\/\/www.granadablogs.com\/juezcalatayud\/wp-json\/wp\/v2\/posts\/21704\/revisions"}],"predecessor-version":[{"id":21705,"href":"https:\/\/www.granadablogs.com\/juezcalatayud\/wp-json\/wp\/v2\/posts\/21704\/revisions\/21705"}],"wp:featuredmedia":[{"embeddable":true,"href":"https:\/\/www.granadablogs.com\/juezcalatayud\/wp-json\/wp\/v2\/media\/9067"}],"wp:attachment":[{"href":"https:\/\/www.granadablogs.com\/juezcalatayud\/wp-json\/wp\/v2\/media?parent=21704"}],"wp:term":[{"taxonomy":"category","embeddable":true,"href":"https:\/\/www.granadablogs.com\/juezcalatayud\/wp-json\/wp\/v2\/categories?post=21704"},{"taxonomy":"post_tag","embeddable":true,"href":"https:\/\/www.granadablogs.com\/juezcalatayud\/wp-json\/wp\/v2\/tags?post=21704"}],"curies":[{"name":"wp","href":"https:\/\/api.w.org\/{rel}","templated":true}]}}