{"id":21699,"date":"2025-10-20T20:02:18","date_gmt":"2025-10-20T18:02:18","guid":{"rendered":"https:\/\/www.granadablogs.com\/juezcalatayud\/?p=21699"},"modified":"2025-10-20T20:02:18","modified_gmt":"2025-10-20T18:02:18","slug":"el-acoso-escolar-es-el-mundo-al-reves-las-victimas-sienten-verguenza-y-culpa-y-los-agresores-nada-es-tarea-de-todos-poner-el-mundo-del-derecho","status":"publish","type":"post","link":"https:\/\/www.granadablogs.com\/juezcalatayud\/2025\/10\/el-acoso-escolar-es-el-mundo-al-reves-las-victimas-sienten-verguenza-y-culpa-y-los-agresores-nada-es-tarea-de-todos-poner-el-mundo-del-derecho\/","title":{"rendered":"El acoso escolar es el mundo al rev\u00e9s, las v\u00edctimas sienten verg\u00fcenza y culpa y los agresores nada, es tarea de todos poner el mundo del derecho"},"content":{"rendered":"\n<p>Buenas, soy Emilio Calatayud. Desde aqu\u00ed queremos expresar nuestro dolor a la familia y amigos por la muerte de una ni\u00f1a sevillana que la justicia investiga como un caso de acoso escolar. El acoso escolar no es un juego ni una broma. Es un delito. La v\u00edctimas experimentan un sufrimiento enorme. Se sienten culpables de lo que les ocurre y su autoestima est\u00e1 por los suelos. Sienten verg\u00fcenza y miedo. Deber\u00edan ser los acosadores los que se sintieran avergonzados y culpables, pero no ocurre. No sienten nada. Es el mundo al rev\u00e9s. Quien denuncia el acoso escolar, chavales, no es un chivato, es una buena persona. Es la forma de poner el mundo del derecho, en el amplio sentido de la expresi\u00f3n.<\/p>\n","protected":false},"excerpt":{"rendered":"<p>Buenas, soy Emilio Calatayud. Desde aqu\u00ed queremos expresar nuestro dolor a la familia y amigos por la muerte de una ni\u00f1a sevillana que la justicia investiga como un caso de acoso escolar. El acoso escolar no es un juego ni una broma. Es un delito. La v\u00edctimas experimentan un sufrimiento enorme. Se sienten culpables de [&hellip;]<\/p>\n","protected":false},"author":1,"featured_media":18131,"comment_status":"open","ping_status":"open","sticky":false,"template":"","format":"standard","meta":{"jetpack_post_was_ever_published":false,"_jetpack_newsletter_access":"","_jetpack_dont_email_post_to_subs":false,"_jetpack_newsletter_tier_id":0,"_jetpack_memberships_contains_paywalled_content":false,"_jetpack_memberships_contains_paid_content":false,"footnotes":""},"categories":[],"tags":[97,1,648],"class_list":["post-21699","post","type-post","status-publish","format-standard","has-post-thumbnail","hentry","tag-acoso","tag-blog","tag-escolar"],"jetpack_featured_media_url":"https:\/\/www.granadablogs.com\/juezcalatayud\/wp-content\/uploads\/2023\/07\/Juez-calatayud-Alfredo-Aguilar.jpg","jetpack_shortlink":"https:\/\/wp.me\/p5fzW5-5DZ","jetpack-related-posts":[],"jetpack_sharing_enabled":true,"_links":{"self":[{"href":"https:\/\/www.granadablogs.com\/juezcalatayud\/wp-json\/wp\/v2\/posts\/21699","targetHints":{"allow":["GET"]}}],"collection":[{"href":"https:\/\/www.granadablogs.com\/juezcalatayud\/wp-json\/wp\/v2\/posts"}],"about":[{"href":"https:\/\/www.granadablogs.com\/juezcalatayud\/wp-json\/wp\/v2\/types\/post"}],"author":[{"embeddable":true,"href":"https:\/\/www.granadablogs.com\/juezcalatayud\/wp-json\/wp\/v2\/users\/1"}],"replies":[{"embeddable":true,"href":"https:\/\/www.granadablogs.com\/juezcalatayud\/wp-json\/wp\/v2\/comments?post=21699"}],"version-history":[{"count":4,"href":"https:\/\/www.granadablogs.com\/juezcalatayud\/wp-json\/wp\/v2\/posts\/21699\/revisions"}],"predecessor-version":[{"id":21703,"href":"https:\/\/www.granadablogs.com\/juezcalatayud\/wp-json\/wp\/v2\/posts\/21699\/revisions\/21703"}],"wp:featuredmedia":[{"embeddable":true,"href":"https:\/\/www.granadablogs.com\/juezcalatayud\/wp-json\/wp\/v2\/media\/18131"}],"wp:attachment":[{"href":"https:\/\/www.granadablogs.com\/juezcalatayud\/wp-json\/wp\/v2\/media?parent=21699"}],"wp:term":[{"taxonomy":"category","embeddable":true,"href":"https:\/\/www.granadablogs.com\/juezcalatayud\/wp-json\/wp\/v2\/categories?post=21699"},{"taxonomy":"post_tag","embeddable":true,"href":"https:\/\/www.granadablogs.com\/juezcalatayud\/wp-json\/wp\/v2\/tags?post=21699"}],"curies":[{"name":"wp","href":"https:\/\/api.w.org\/{rel}","templated":true}]}}