{"id":21696,"date":"2025-10-19T14:03:15","date_gmt":"2025-10-19T12:03:15","guid":{"rendered":"https:\/\/www.granadablogs.com\/juezcalatayud\/?p=21696"},"modified":"2025-10-19T20:53:41","modified_gmt":"2025-10-19T18:53:41","slug":"un-abrazo-para-todas-las-mujeres-enfermas-de-cancer-de-mama-y-un-palo-para-los-que-os-fallado-donde-no-se-podia-fallar","status":"publish","type":"post","link":"https:\/\/www.granadablogs.com\/juezcalatayud\/2025\/10\/un-abrazo-para-todas-las-mujeres-enfermas-de-cancer-de-mama-y-un-palo-para-los-que-os-fallado-donde-no-se-podia-fallar\/","title":{"rendered":"Un abrazo para todas las mujeres enfermas de c\u00e1ncer de mama y un palo para los que os han fallado donde no se pod\u00eda fallar"},"content":{"rendered":"\n<p>Buenas, soy Emilio Calatayud. En el D\u00eda contra el C\u00e1ncer de Mama, un abrazo para todas las mujeres enfermas de c\u00e1ncer de mama y un palo para los que os han fallado donde no se pod\u00eda fallar, un palo para la Junta de Andaluc\u00eda. De parte de un enfermo de c\u00e1ncer.<\/p>\n\n\n\n<p><\/p>\n","protected":false},"excerpt":{"rendered":"<p>Buenas, soy Emilio Calatayud. En el D\u00eda contra el C\u00e1ncer de Mama, un abrazo para todas las mujeres enfermas de c\u00e1ncer de mama y un palo para los que os han fallado donde no se pod\u00eda fallar, un palo para la Junta de Andaluc\u00eda. De parte de un enfermo de c\u00e1ncer.<\/p>\n","protected":false},"author":1,"featured_media":8951,"comment_status":"open","ping_status":"open","sticky":false,"template":"","format":"standard","meta":{"jetpack_post_was_ever_published":false,"_jetpack_newsletter_access":"","_jetpack_dont_email_post_to_subs":false,"_jetpack_newsletter_tier_id":0,"_jetpack_memberships_contains_paywalled_content":false,"_jetpack_memberships_contains_paid_content":false,"footnotes":""},"categories":[],"tags":[1,4177,1755,624,1275],"class_list":["post-21696","post","type-post","status-publish","format-standard","has-post-thumbnail","hentry","tag-blog","tag-cancer-de-mama","tag-contra","tag-dia","tag-el"],"jetpack_featured_media_url":"https:\/\/www.granadablogs.com\/juezcalatayud\/wp-content\/uploads\/2018\/08\/Emil-e1710171072635.jpeg","jetpack_shortlink":"https:\/\/wp.me\/p5fzW5-5DW","jetpack-related-posts":[],"jetpack_sharing_enabled":true,"_links":{"self":[{"href":"https:\/\/www.granadablogs.com\/juezcalatayud\/wp-json\/wp\/v2\/posts\/21696","targetHints":{"allow":["GET"]}}],"collection":[{"href":"https:\/\/www.granadablogs.com\/juezcalatayud\/wp-json\/wp\/v2\/posts"}],"about":[{"href":"https:\/\/www.granadablogs.com\/juezcalatayud\/wp-json\/wp\/v2\/types\/post"}],"author":[{"embeddable":true,"href":"https:\/\/www.granadablogs.com\/juezcalatayud\/wp-json\/wp\/v2\/users\/1"}],"replies":[{"embeddable":true,"href":"https:\/\/www.granadablogs.com\/juezcalatayud\/wp-json\/wp\/v2\/comments?post=21696"}],"version-history":[{"count":2,"href":"https:\/\/www.granadablogs.com\/juezcalatayud\/wp-json\/wp\/v2\/posts\/21696\/revisions"}],"predecessor-version":[{"id":21698,"href":"https:\/\/www.granadablogs.com\/juezcalatayud\/wp-json\/wp\/v2\/posts\/21696\/revisions\/21698"}],"wp:featuredmedia":[{"embeddable":true,"href":"https:\/\/www.granadablogs.com\/juezcalatayud\/wp-json\/wp\/v2\/media\/8951"}],"wp:attachment":[{"href":"https:\/\/www.granadablogs.com\/juezcalatayud\/wp-json\/wp\/v2\/media?parent=21696"}],"wp:term":[{"taxonomy":"category","embeddable":true,"href":"https:\/\/www.granadablogs.com\/juezcalatayud\/wp-json\/wp\/v2\/categories?post=21696"},{"taxonomy":"post_tag","embeddable":true,"href":"https:\/\/www.granadablogs.com\/juezcalatayud\/wp-json\/wp\/v2\/tags?post=21696"}],"curies":[{"name":"wp","href":"https:\/\/api.w.org\/{rel}","templated":true}]}}