{"id":21685,"date":"2025-10-17T20:03:41","date_gmt":"2025-10-17T18:03:41","guid":{"rendered":"https:\/\/www.granadablogs.com\/juezcalatayud\/?p=21685"},"modified":"2025-10-17T20:35:56","modified_gmt":"2025-10-17T18:35:56","slug":"la-emocion-de-don-emilio-hijo-predilecto-de-ciudad-real-con-acento-granaino","status":"publish","type":"post","link":"https:\/\/www.granadablogs.com\/juezcalatayud\/2025\/10\/la-emocion-de-don-emilio-hijo-predilecto-de-ciudad-real-con-acento-granaino\/","title":{"rendered":"La emoci\u00f3n de don Emilio, Hijo Predilecto de Ciudad Real \u00abcon acento grana\u00edno\u00bb"},"content":{"rendered":"\n<p>Hola, soy Carlos Mor\u00e1n, el compa\u00f1ero de blog de don Emilio. Aqu\u00ed os dejamos el v\u00eddeo en el que el alcalde de Ciudad Real, Francisco Ca\u00f1izares Jim\u00e9nez, le anuncia al exjuez de Menores \u00abcon acento grana\u00edno\u00bb que va a ser nombrado Hijo Predilecto de su ciudad natal. La emoci\u00f3n del momento hace que don Emilio se quede sin palabras, lo que es bastante dif\u00edcil de conseguir, y al borde de las l\u00e1grimas. <\/p>\n\n\n\n<p>La noticia se produjo en el Congreso de Jueces de Menores de Espa\u00f1a que ha tenido lugar en Ciudad Real, un foro que tambi\u00e9n ha homenajeado a don Emilio.  <\/p>\n\n\n\n<figure class=\"wp-block-video\"><video height=\"832\" style=\"aspect-ratio: 464 \/ 832;\" width=\"464\" controls src=\"https:\/\/www.granadablogs.com\/juezcalatayud\/wp-content\/uploads\/2025\/10\/Video-Emilio.mp4\"><\/video><\/figure>\n","protected":false},"excerpt":{"rendered":"<p>Hola, soy Carlos Mor\u00e1n, el compa\u00f1ero de blog de don Emilio. Aqu\u00ed os dejamos el v\u00eddeo en el que el alcalde de Ciudad Real, Francisco Ca\u00f1izares Jim\u00e9nez, le anuncia al exjuez de Menores \u00abcon acento grana\u00edno\u00bb que va a ser nombrado Hijo Predilecto de su ciudad natal. La emoci\u00f3n del momento hace que don Emilio [&hellip;]<\/p>\n","protected":false},"author":3,"featured_media":19567,"comment_status":"open","ping_status":"open","sticky":false,"template":"","format":"standard","meta":{"jetpack_post_was_ever_published":false,"_jetpack_newsletter_access":"","_jetpack_dont_email_post_to_subs":false,"_jetpack_newsletter_tier_id":0,"_jetpack_memberships_contains_paywalled_content":false,"_jetpack_memberships_contains_paid_content":false,"footnotes":""},"categories":[],"tags":[1],"class_list":["post-21685","post","type-post","status-publish","format-standard","has-post-thumbnail","hentry","tag-blog"],"jetpack_featured_media_url":"https:\/\/www.granadablogs.com\/juezcalatayud\/wp-content\/uploads\/2024\/05\/Emil-tres-scaled.jpg","jetpack_shortlink":"https:\/\/wp.me\/p5fzW5-5DL","jetpack-related-posts":[],"jetpack_sharing_enabled":true,"_links":{"self":[{"href":"https:\/\/www.granadablogs.com\/juezcalatayud\/wp-json\/wp\/v2\/posts\/21685","targetHints":{"allow":["GET"]}}],"collection":[{"href":"https:\/\/www.granadablogs.com\/juezcalatayud\/wp-json\/wp\/v2\/posts"}],"about":[{"href":"https:\/\/www.granadablogs.com\/juezcalatayud\/wp-json\/wp\/v2\/types\/post"}],"author":[{"embeddable":true,"href":"https:\/\/www.granadablogs.com\/juezcalatayud\/wp-json\/wp\/v2\/users\/3"}],"replies":[{"embeddable":true,"href":"https:\/\/www.granadablogs.com\/juezcalatayud\/wp-json\/wp\/v2\/comments?post=21685"}],"version-history":[{"count":3,"href":"https:\/\/www.granadablogs.com\/juezcalatayud\/wp-json\/wp\/v2\/posts\/21685\/revisions"}],"predecessor-version":[{"id":21689,"href":"https:\/\/www.granadablogs.com\/juezcalatayud\/wp-json\/wp\/v2\/posts\/21685\/revisions\/21689"}],"wp:featuredmedia":[{"embeddable":true,"href":"https:\/\/www.granadablogs.com\/juezcalatayud\/wp-json\/wp\/v2\/media\/19567"}],"wp:attachment":[{"href":"https:\/\/www.granadablogs.com\/juezcalatayud\/wp-json\/wp\/v2\/media?parent=21685"}],"wp:term":[{"taxonomy":"category","embeddable":true,"href":"https:\/\/www.granadablogs.com\/juezcalatayud\/wp-json\/wp\/v2\/categories?post=21685"},{"taxonomy":"post_tag","embeddable":true,"href":"https:\/\/www.granadablogs.com\/juezcalatayud\/wp-json\/wp\/v2\/tags?post=21685"}],"curies":[{"name":"wp","href":"https:\/\/api.w.org\/{rel}","templated":true}]}}