{"id":21658,"date":"2025-10-25T20:03:52","date_gmt":"2025-10-25T18:03:52","guid":{"rendered":"https:\/\/www.granadablogs.com\/juezcalatayud\/?p=21658"},"modified":"2025-10-25T20:03:52","modified_gmt":"2025-10-25T18:03:52","slug":"mi-hijo-se-ha-ido-a-vivir-al-extranjero-y-ahora-hablo-mas-con-el-que-cuando-estaba-aqui","status":"publish","type":"post","link":"https:\/\/www.granadablogs.com\/juezcalatayud\/2025\/10\/mi-hijo-se-ha-ido-a-vivir-al-extranjero-y-ahora-hablo-mas-con-el-que-cuando-estaba-aqui\/","title":{"rendered":"\u00abMi hijo se ha ido a vivir al extranjero y ahora hablo m\u00e1s con \u00e9l que cuando estaba aqu\u00ed\u00bb"},"content":{"rendered":"\n<p>Buenas, soy Emilio Calatayud. Me cuenta un amigo lo siguiente: \u00abMi hijo se ha ido a vivir al extranjero y ahora hablo m\u00e1s con \u00e9l que cuando estaba aqu\u00ed\u00bb. Suele pasar. Y no deber\u00eda pasar. Tenemos que hablar y escuchar a los hijos siempre. Y ellos tambi\u00e9n tienen que hablarnos y escucharnos siempre. <\/p>\n","protected":false},"excerpt":{"rendered":"<p>Buenas, soy Emilio Calatayud. Me cuenta un amigo lo siguiente: \u00abMi hijo se ha ido a vivir al extranjero y ahora hablo m\u00e1s con \u00e9l que cuando estaba aqu\u00ed\u00bb. Suele pasar. Y no deber\u00eda pasar. Tenemos que hablar y escuchar a los hijos siempre. Y ellos tambi\u00e9n tienen que hablarnos y escucharnos siempre.<\/p>\n","protected":false},"author":1,"featured_media":11820,"comment_status":"open","ping_status":"open","sticky":false,"template":"","format":"standard","meta":{"jetpack_post_was_ever_published":false,"_jetpack_newsletter_access":"","_jetpack_dont_email_post_to_subs":false,"_jetpack_newsletter_tier_id":0,"_jetpack_memberships_contains_paywalled_content":false,"_jetpack_memberships_contains_paid_content":false,"footnotes":""},"categories":[],"tags":[1,189,90],"class_list":["post-21658","post","type-post","status-publish","format-standard","has-post-thumbnail","hentry","tag-blog","tag-hijos","tag-padres"],"jetpack_featured_media_url":"https:\/\/www.granadablogs.com\/juezcalatayud\/wp-content\/uploads\/2019\/12\/Emil-neuf.jpg","jetpack_shortlink":"https:\/\/wp.me\/p5fzW5-5Dk","jetpack-related-posts":[],"jetpack_sharing_enabled":true,"_links":{"self":[{"href":"https:\/\/www.granadablogs.com\/juezcalatayud\/wp-json\/wp\/v2\/posts\/21658","targetHints":{"allow":["GET"]}}],"collection":[{"href":"https:\/\/www.granadablogs.com\/juezcalatayud\/wp-json\/wp\/v2\/posts"}],"about":[{"href":"https:\/\/www.granadablogs.com\/juezcalatayud\/wp-json\/wp\/v2\/types\/post"}],"author":[{"embeddable":true,"href":"https:\/\/www.granadablogs.com\/juezcalatayud\/wp-json\/wp\/v2\/users\/1"}],"replies":[{"embeddable":true,"href":"https:\/\/www.granadablogs.com\/juezcalatayud\/wp-json\/wp\/v2\/comments?post=21658"}],"version-history":[{"count":3,"href":"https:\/\/www.granadablogs.com\/juezcalatayud\/wp-json\/wp\/v2\/posts\/21658\/revisions"}],"predecessor-version":[{"id":21716,"href":"https:\/\/www.granadablogs.com\/juezcalatayud\/wp-json\/wp\/v2\/posts\/21658\/revisions\/21716"}],"wp:featuredmedia":[{"embeddable":true,"href":"https:\/\/www.granadablogs.com\/juezcalatayud\/wp-json\/wp\/v2\/media\/11820"}],"wp:attachment":[{"href":"https:\/\/www.granadablogs.com\/juezcalatayud\/wp-json\/wp\/v2\/media?parent=21658"}],"wp:term":[{"taxonomy":"category","embeddable":true,"href":"https:\/\/www.granadablogs.com\/juezcalatayud\/wp-json\/wp\/v2\/categories?post=21658"},{"taxonomy":"post_tag","embeddable":true,"href":"https:\/\/www.granadablogs.com\/juezcalatayud\/wp-json\/wp\/v2\/tags?post=21658"}],"curies":[{"name":"wp","href":"https:\/\/api.w.org\/{rel}","templated":true}]}}