{"id":21581,"date":"2025-09-19T19:19:38","date_gmt":"2025-09-19T17:19:38","guid":{"rendered":"https:\/\/www.granadablogs.com\/juezcalatayud\/?p=21581"},"modified":"2025-09-19T19:19:38","modified_gmt":"2025-09-19T17:19:38","slug":"hay-ninos-que-tienen-mas-extraescolares-que-horas-de-clase-y-eso-tampoco-es","status":"publish","type":"post","link":"https:\/\/www.granadablogs.com\/juezcalatayud\/2025\/09\/hay-ninos-que-tienen-mas-extraescolares-que-horas-de-clase-y-eso-tampoco-es\/","title":{"rendered":"Hay ni\u00f1os que tienen m\u00e1s extraescolares que horas de clase y eso tampoco es"},"content":{"rendered":"\n<p>Buenas, soy Emilio Calatayud. Me sigue asombrando la cantidad de actividades extraescolares que tienen los ni\u00f1os de hoy. Hay estudiantes que tienen m\u00e1s extraescolares que horas de clase y  eso tampoco es. Ser\u00e1 porque la sociedad es cada vez m\u00e1s competitiva, pero los chavales van todo el d\u00eda con la lengua fuera. Cuando yo era chico, la principal extraescolar era jugar en la calle.  <\/p>\n","protected":false},"excerpt":{"rendered":"<p>Buenas, soy Emilio Calatayud. Me sigue asombrando la cantidad de actividades extraescolares que tienen los ni\u00f1os de hoy. Hay estudiantes que tienen m\u00e1s extraescolares que horas de clase y eso tampoco es. Ser\u00e1 porque la sociedad es cada vez m\u00e1s competitiva, pero los chavales van todo el d\u00eda con la lengua fuera. Cuando yo era [&hellip;]<\/p>\n","protected":false},"author":1,"featured_media":11820,"comment_status":"open","ping_status":"open","sticky":false,"template":"","format":"standard","meta":{"jetpack_post_was_ever_published":false,"_jetpack_newsletter_access":"","_jetpack_dont_email_post_to_subs":false,"_jetpack_newsletter_tier_id":0,"_jetpack_memberships_contains_paywalled_content":false,"_jetpack_memberships_contains_paid_content":false,"footnotes":""},"categories":[],"tags":[1,1865,3445],"class_list":["post-21581","post","type-post","status-publish","format-standard","has-post-thumbnail","hentry","tag-blog","tag-extraescolares","tag-jugar-en-la-calle"],"jetpack_featured_media_url":"https:\/\/www.granadablogs.com\/juezcalatayud\/wp-content\/uploads\/2019\/12\/Emil-neuf.jpg","jetpack_shortlink":"https:\/\/wp.me\/p5fzW5-5C5","jetpack-related-posts":[],"jetpack_sharing_enabled":true,"_links":{"self":[{"href":"https:\/\/www.granadablogs.com\/juezcalatayud\/wp-json\/wp\/v2\/posts\/21581","targetHints":{"allow":["GET"]}}],"collection":[{"href":"https:\/\/www.granadablogs.com\/juezcalatayud\/wp-json\/wp\/v2\/posts"}],"about":[{"href":"https:\/\/www.granadablogs.com\/juezcalatayud\/wp-json\/wp\/v2\/types\/post"}],"author":[{"embeddable":true,"href":"https:\/\/www.granadablogs.com\/juezcalatayud\/wp-json\/wp\/v2\/users\/1"}],"replies":[{"embeddable":true,"href":"https:\/\/www.granadablogs.com\/juezcalatayud\/wp-json\/wp\/v2\/comments?post=21581"}],"version-history":[{"count":1,"href":"https:\/\/www.granadablogs.com\/juezcalatayud\/wp-json\/wp\/v2\/posts\/21581\/revisions"}],"predecessor-version":[{"id":21582,"href":"https:\/\/www.granadablogs.com\/juezcalatayud\/wp-json\/wp\/v2\/posts\/21581\/revisions\/21582"}],"wp:featuredmedia":[{"embeddable":true,"href":"https:\/\/www.granadablogs.com\/juezcalatayud\/wp-json\/wp\/v2\/media\/11820"}],"wp:attachment":[{"href":"https:\/\/www.granadablogs.com\/juezcalatayud\/wp-json\/wp\/v2\/media?parent=21581"}],"wp:term":[{"taxonomy":"category","embeddable":true,"href":"https:\/\/www.granadablogs.com\/juezcalatayud\/wp-json\/wp\/v2\/categories?post=21581"},{"taxonomy":"post_tag","embeddable":true,"href":"https:\/\/www.granadablogs.com\/juezcalatayud\/wp-json\/wp\/v2\/tags?post=21581"}],"curies":[{"name":"wp","href":"https:\/\/api.w.org\/{rel}","templated":true}]}}