{"id":21571,"date":"2025-09-18T20:07:00","date_gmt":"2025-09-18T18:07:00","guid":{"rendered":"https:\/\/www.granadablogs.com\/juezcalatayud\/?p=21571"},"modified":"2025-09-18T20:24:51","modified_gmt":"2025-09-18T18:24:51","slug":"antes-se-pedia-la-mano-de-la-pareja-las-parejas-de-ahora-te-piden-que-les-dejes-la-cama","status":"publish","type":"post","link":"https:\/\/www.granadablogs.com\/juezcalatayud\/2025\/09\/antes-se-pedia-la-mano-de-la-pareja-las-parejas-de-ahora-te-piden-que-les-dejes-la-cama\/","title":{"rendered":"Antes se ped\u00eda la mano de la pareja; las parejas de ahora te piden que les dejes la cama"},"content":{"rendered":"\n<p>Buenas, soy Emilio Calatayud. Antes, no s\u00e9 si todav\u00eda y existe, hab\u00eda una costumbre que se llamaba &#8216;la pedida&#8217; y que, como su propio nombre indica, consist\u00eda en pedir la mano de tu pareja en presencia de las respectivas familias. Las parejas de ahora te piden que les dejes la cama. Ni me quejo ni me dejo de quejar. Soy consciente de que los tiempos han cambiado. Pero me llama la atenci\u00f3n. Ser\u00e1 porque soy un jubilado. Digo yo.<\/p>\n","protected":false},"excerpt":{"rendered":"<p>Buenas, soy Emilio Calatayud. Antes, no s\u00e9 si todav\u00eda y existe, hab\u00eda una costumbre que se llamaba &#8216;la pedida&#8217; y que, como su propio nombre indica, consist\u00eda en pedir la mano de tu pareja en presencia de las respectivas familias. Las parejas de ahora te piden que les dejes la cama. Ni me quejo ni [&hellip;]<\/p>\n","protected":false},"author":1,"featured_media":19567,"comment_status":"open","ping_status":"open","sticky":false,"template":"","format":"standard","meta":{"jetpack_post_was_ever_published":false,"_jetpack_newsletter_access":"","_jetpack_dont_email_post_to_subs":false,"_jetpack_newsletter_tier_id":0,"_jetpack_memberships_contains_paywalled_content":false,"_jetpack_memberships_contains_paid_content":false,"footnotes":""},"categories":[],"tags":[1,2253,660],"class_list":["post-21571","post","type-post","status-publish","format-standard","has-post-thumbnail","hentry","tag-blog","tag-la-cama","tag-pedir"],"jetpack_featured_media_url":"https:\/\/www.granadablogs.com\/juezcalatayud\/wp-content\/uploads\/2024\/05\/Emil-tres-scaled.jpg","jetpack_shortlink":"https:\/\/wp.me\/p5fzW5-5BV","jetpack-related-posts":[],"jetpack_sharing_enabled":true,"_links":{"self":[{"href":"https:\/\/www.granadablogs.com\/juezcalatayud\/wp-json\/wp\/v2\/posts\/21571","targetHints":{"allow":["GET"]}}],"collection":[{"href":"https:\/\/www.granadablogs.com\/juezcalatayud\/wp-json\/wp\/v2\/posts"}],"about":[{"href":"https:\/\/www.granadablogs.com\/juezcalatayud\/wp-json\/wp\/v2\/types\/post"}],"author":[{"embeddable":true,"href":"https:\/\/www.granadablogs.com\/juezcalatayud\/wp-json\/wp\/v2\/users\/1"}],"replies":[{"embeddable":true,"href":"https:\/\/www.granadablogs.com\/juezcalatayud\/wp-json\/wp\/v2\/comments?post=21571"}],"version-history":[{"count":3,"href":"https:\/\/www.granadablogs.com\/juezcalatayud\/wp-json\/wp\/v2\/posts\/21571\/revisions"}],"predecessor-version":[{"id":21590,"href":"https:\/\/www.granadablogs.com\/juezcalatayud\/wp-json\/wp\/v2\/posts\/21571\/revisions\/21590"}],"wp:featuredmedia":[{"embeddable":true,"href":"https:\/\/www.granadablogs.com\/juezcalatayud\/wp-json\/wp\/v2\/media\/19567"}],"wp:attachment":[{"href":"https:\/\/www.granadablogs.com\/juezcalatayud\/wp-json\/wp\/v2\/media?parent=21571"}],"wp:term":[{"taxonomy":"category","embeddable":true,"href":"https:\/\/www.granadablogs.com\/juezcalatayud\/wp-json\/wp\/v2\/categories?post=21571"},{"taxonomy":"post_tag","embeddable":true,"href":"https:\/\/www.granadablogs.com\/juezcalatayud\/wp-json\/wp\/v2\/tags?post=21571"}],"curies":[{"name":"wp","href":"https:\/\/api.w.org\/{rel}","templated":true}]}}