{"id":21569,"date":"2025-09-17T20:09:06","date_gmt":"2025-09-17T18:09:06","guid":{"rendered":"https:\/\/www.granadablogs.com\/juezcalatayud\/?p=21569"},"modified":"2025-09-18T14:52:46","modified_gmt":"2025-09-18T12:52:46","slug":"como-don-quijote-y-su-fiel-escudero-oso-panda-ando-por-la-mancha-para-pasar-la-itv-personal","status":"publish","type":"post","link":"https:\/\/www.granadablogs.com\/juezcalatayud\/2025\/09\/como-don-quijote-y-su-fiel-escudero-oso-panda-ando-por-la-mancha-para-pasar-la-itv-personal\/","title":{"rendered":"Como Don Quijote y su fiel escudero &#8216;Oso Panda&#8217; ando por la Mancha para pasar la ITV personal"},"content":{"rendered":"\n<p>Buenas, soy Emilio Calatayud. Como Don Quijote y su fiel escudero &#8216;Oso Panda&#8217; (que dir\u00eda mi amiga de dos a\u00f1os, ja, ja, ja) ando por la Mancha para pasar la ITV personal. Las otras, la del coche y el &#8216;falc\u00f3n&#8217; (mi motillo), las hago en Gran\u00e1. Que nadie piense que me he venido hasta aqu\u00ed para revisar mi flotilla de veh\u00edculos. No hay tanta cola en Gran\u00e1. O eso creo. El viaje se debe a unos an\u00e1lisis rutinarios por mis goteras de salud. Y s\u00ed, aqu\u00ed tambi\u00e9n ha vuelto el calor. As\u00ed que lo de salir a batallar contra los molinos de viento lo dejo &#8216;pa&#8217; otro d\u00eda.<\/p>\n","protected":false},"excerpt":{"rendered":"<p>Buenas, soy Emilio Calatayud. Como Don Quijote y su fiel escudero &#8216;Oso Panda&#8217; (que dir\u00eda mi amiga de dos a\u00f1os, ja, ja, ja) ando por la Mancha para pasar la ITV personal. Las otras, la del coche y el &#8216;falc\u00f3n&#8217; (mi motillo), las hago en Gran\u00e1. Que nadie piense que me he venido hasta aqu\u00ed [&hellip;]<\/p>\n","protected":false},"author":1,"featured_media":11139,"comment_status":"open","ping_status":"open","sticky":false,"template":"","format":"standard","meta":{"jetpack_post_was_ever_published":false,"_jetpack_newsletter_access":"","_jetpack_dont_email_post_to_subs":false,"_jetpack_newsletter_tier_id":0,"_jetpack_memberships_contains_paywalled_content":false,"_jetpack_memberships_contains_paid_content":false,"footnotes":""},"categories":[],"tags":[1,2467,3961],"class_list":["post-21569","post","type-post","status-publish","format-standard","has-post-thumbnail","hentry","tag-blog","tag-en","tag-la-mancha"],"jetpack_featured_media_url":"https:\/\/www.granadablogs.com\/juezcalatayud\/wp-content\/uploads\/2019\/08\/Emil-descanso.jpg","jetpack_shortlink":"https:\/\/wp.me\/p5fzW5-5BT","jetpack-related-posts":[],"jetpack_sharing_enabled":true,"_links":{"self":[{"href":"https:\/\/www.granadablogs.com\/juezcalatayud\/wp-json\/wp\/v2\/posts\/21569","targetHints":{"allow":["GET"]}}],"collection":[{"href":"https:\/\/www.granadablogs.com\/juezcalatayud\/wp-json\/wp\/v2\/posts"}],"about":[{"href":"https:\/\/www.granadablogs.com\/juezcalatayud\/wp-json\/wp\/v2\/types\/post"}],"author":[{"embeddable":true,"href":"https:\/\/www.granadablogs.com\/juezcalatayud\/wp-json\/wp\/v2\/users\/1"}],"replies":[{"embeddable":true,"href":"https:\/\/www.granadablogs.com\/juezcalatayud\/wp-json\/wp\/v2\/comments?post=21569"}],"version-history":[{"count":3,"href":"https:\/\/www.granadablogs.com\/juezcalatayud\/wp-json\/wp\/v2\/posts\/21569\/revisions"}],"predecessor-version":[{"id":21580,"href":"https:\/\/www.granadablogs.com\/juezcalatayud\/wp-json\/wp\/v2\/posts\/21569\/revisions\/21580"}],"wp:featuredmedia":[{"embeddable":true,"href":"https:\/\/www.granadablogs.com\/juezcalatayud\/wp-json\/wp\/v2\/media\/11139"}],"wp:attachment":[{"href":"https:\/\/www.granadablogs.com\/juezcalatayud\/wp-json\/wp\/v2\/media?parent=21569"}],"wp:term":[{"taxonomy":"category","embeddable":true,"href":"https:\/\/www.granadablogs.com\/juezcalatayud\/wp-json\/wp\/v2\/categories?post=21569"},{"taxonomy":"post_tag","embeddable":true,"href":"https:\/\/www.granadablogs.com\/juezcalatayud\/wp-json\/wp\/v2\/tags?post=21569"}],"curies":[{"name":"wp","href":"https:\/\/api.w.org\/{rel}","templated":true}]}}