{"id":21560,"date":"2025-09-15T20:04:52","date_gmt":"2025-09-15T18:04:52","guid":{"rendered":"https:\/\/www.granadablogs.com\/juezcalatayud\/?p=21560"},"modified":"2025-09-15T20:04:52","modified_gmt":"2025-09-15T18:04:52","slug":"me-molesta-ver-a-los-bebes-jugando-con-moviles-en-las-terrazas-de-los-bares-deberian-prohibirlo-como-se-va-a-hacer-con-el-consumo-de-tabaco","status":"publish","type":"post","link":"https:\/\/www.granadablogs.com\/juezcalatayud\/2025\/09\/me-molesta-ver-a-los-bebes-jugando-con-moviles-en-las-terrazas-de-los-bares-deberian-prohibirlo-como-se-va-a-hacer-con-el-consumo-de-tabaco\/","title":{"rendered":"Me molesta ver a los beb\u00e9s jugando con m\u00f3viles en las terrazas de los bares, deber\u00edan prohibirlo como se va a hacer con el consumo de tabaco"},"content":{"rendered":"\n<p>Buenas, soy Emilio Calatayud. Me siento en la terraza de un bar de Gran\u00e1 y, mientras espero a que me sirvan una cerveza 0,0, se sientan en la mesa de al lado una madre con su beb\u00e9. El peque\u00f1o va en carrito y la mam\u00e1 le da el m\u00f3vil para que se entretenga. Me molesta y me preocupa ver a los beb\u00e9s jugando con m\u00f3viles en las terrazas de los bares, deber\u00edan prohibirlo como se va a hacer con el consumo de tabaco en esos espacios. Es, como m\u00ednimo, igual de da\u00f1ino. <\/p>\n","protected":false},"excerpt":{"rendered":"<p>Buenas, soy Emilio Calatayud. Me siento en la terraza de un bar de Gran\u00e1 y, mientras espero a que me sirvan una cerveza 0,0, se sientan en la mesa de al lado una madre con su beb\u00e9. El peque\u00f1o va en carrito y la mam\u00e1 le da el m\u00f3vil para que se entretenga. Me molesta [&hellip;]<\/p>\n","protected":false},"author":1,"featured_media":18131,"comment_status":"open","ping_status":"open","sticky":false,"template":"","format":"standard","meta":{"jetpack_post_was_ever_published":false,"_jetpack_newsletter_access":"","_jetpack_dont_email_post_to_subs":false,"_jetpack_newsletter_tier_id":0,"_jetpack_memberships_contains_paywalled_content":false,"_jetpack_memberships_contains_paid_content":false,"footnotes":""},"categories":[],"tags":[1,237,33],"class_list":["post-21560","post","type-post","status-publish","format-standard","has-post-thumbnail","hentry","tag-blog","tag-moviles","tag-tabaco"],"jetpack_featured_media_url":"https:\/\/www.granadablogs.com\/juezcalatayud\/wp-content\/uploads\/2023\/07\/Juez-calatayud-Alfredo-Aguilar.jpg","jetpack_shortlink":"https:\/\/wp.me\/p5fzW5-5BK","jetpack-related-posts":[],"jetpack_sharing_enabled":true,"_links":{"self":[{"href":"https:\/\/www.granadablogs.com\/juezcalatayud\/wp-json\/wp\/v2\/posts\/21560","targetHints":{"allow":["GET"]}}],"collection":[{"href":"https:\/\/www.granadablogs.com\/juezcalatayud\/wp-json\/wp\/v2\/posts"}],"about":[{"href":"https:\/\/www.granadablogs.com\/juezcalatayud\/wp-json\/wp\/v2\/types\/post"}],"author":[{"embeddable":true,"href":"https:\/\/www.granadablogs.com\/juezcalatayud\/wp-json\/wp\/v2\/users\/1"}],"replies":[{"embeddable":true,"href":"https:\/\/www.granadablogs.com\/juezcalatayud\/wp-json\/wp\/v2\/comments?post=21560"}],"version-history":[{"count":2,"href":"https:\/\/www.granadablogs.com\/juezcalatayud\/wp-json\/wp\/v2\/posts\/21560\/revisions"}],"predecessor-version":[{"id":21562,"href":"https:\/\/www.granadablogs.com\/juezcalatayud\/wp-json\/wp\/v2\/posts\/21560\/revisions\/21562"}],"wp:featuredmedia":[{"embeddable":true,"href":"https:\/\/www.granadablogs.com\/juezcalatayud\/wp-json\/wp\/v2\/media\/18131"}],"wp:attachment":[{"href":"https:\/\/www.granadablogs.com\/juezcalatayud\/wp-json\/wp\/v2\/media?parent=21560"}],"wp:term":[{"taxonomy":"category","embeddable":true,"href":"https:\/\/www.granadablogs.com\/juezcalatayud\/wp-json\/wp\/v2\/categories?post=21560"},{"taxonomy":"post_tag","embeddable":true,"href":"https:\/\/www.granadablogs.com\/juezcalatayud\/wp-json\/wp\/v2\/tags?post=21560"}],"curies":[{"name":"wp","href":"https:\/\/api.w.org\/{rel}","templated":true}]}}