{"id":21446,"date":"2025-08-15T15:57:01","date_gmt":"2025-08-15T13:57:01","guid":{"rendered":"https:\/\/www.granadablogs.com\/juezcalatayud\/?p=21446"},"modified":"2025-08-15T15:57:01","modified_gmt":"2025-08-15T13:57:01","slug":"supongo-que-nadie-leera-este-comentario-porque-es-la-fiesta-del-15-de-agosto-y-estareis-en-otras-cosas-en-cualquier-caso-pasadlo-lo-mejor-posible","status":"publish","type":"post","link":"https:\/\/www.granadablogs.com\/juezcalatayud\/2025\/08\/supongo-que-nadie-leera-este-comentario-porque-es-la-fiesta-del-15-de-agosto-y-estareis-en-otras-cosas-en-cualquier-caso-pasadlo-lo-mejor-posible\/","title":{"rendered":"Supongo que nadie leer\u00e1 este comentario porque es la fiesta del 15 de agosto y estar\u00e9is en otras cosas, en cualquier caso, pasadlo lo mejor posible"},"content":{"rendered":"\n<p>Buenas, soy Emilio Calatayud. Supongo que nadie leer\u00e1 este comentario porque es la fiesta del 15 de agosto y estar\u00e9is en otras cosas. Yo, por ejemplo, estoy aburri\u00e9ndome y luego no har\u00e9 n\u00e1, que es lo que m\u00e1s me gusta. En cualquier caso, pasadlo lo mejor posible. Y perd\u00f3n por molestar, ja, ja, ja.<\/p>\n","protected":false},"excerpt":{"rendered":"<p>Buenas, soy Emilio Calatayud. Supongo que nadie leer\u00e1 este comentario porque es la fiesta del 15 de agosto y estar\u00e9is en otras cosas. Yo, por ejemplo, estoy aburri\u00e9ndome y luego no har\u00e9 n\u00e1, que es lo que m\u00e1s me gusta. En cualquier caso, pasadlo lo mejor posible. Y perd\u00f3n por molestar, ja, ja, ja.<\/p>\n","protected":false},"author":1,"featured_media":13222,"comment_status":"open","ping_status":"open","sticky":false,"template":"","format":"standard","meta":{"jetpack_post_was_ever_published":false,"_jetpack_newsletter_access":"","_jetpack_dont_email_post_to_subs":false,"_jetpack_newsletter_tier_id":0,"_jetpack_memberships_contains_paywalled_content":false,"_jetpack_memberships_contains_paid_content":false,"footnotes":""},"categories":[],"tags":[1527,1528,1],"class_list":["post-21446","post","type-post","status-publish","format-standard","has-post-thumbnail","hentry","tag-1527","tag-agosto","tag-blog"],"jetpack_featured_media_url":"https:\/\/www.granadablogs.com\/juezcalatayud\/wp-content\/uploads\/2020\/07\/Emil-nueva-tres.jpg","jetpack_shortlink":"https:\/\/wp.me\/p5fzW5-5zU","jetpack-related-posts":[],"jetpack_sharing_enabled":true,"_links":{"self":[{"href":"https:\/\/www.granadablogs.com\/juezcalatayud\/wp-json\/wp\/v2\/posts\/21446","targetHints":{"allow":["GET"]}}],"collection":[{"href":"https:\/\/www.granadablogs.com\/juezcalatayud\/wp-json\/wp\/v2\/posts"}],"about":[{"href":"https:\/\/www.granadablogs.com\/juezcalatayud\/wp-json\/wp\/v2\/types\/post"}],"author":[{"embeddable":true,"href":"https:\/\/www.granadablogs.com\/juezcalatayud\/wp-json\/wp\/v2\/users\/1"}],"replies":[{"embeddable":true,"href":"https:\/\/www.granadablogs.com\/juezcalatayud\/wp-json\/wp\/v2\/comments?post=21446"}],"version-history":[{"count":1,"href":"https:\/\/www.granadablogs.com\/juezcalatayud\/wp-json\/wp\/v2\/posts\/21446\/revisions"}],"predecessor-version":[{"id":21447,"href":"https:\/\/www.granadablogs.com\/juezcalatayud\/wp-json\/wp\/v2\/posts\/21446\/revisions\/21447"}],"wp:featuredmedia":[{"embeddable":true,"href":"https:\/\/www.granadablogs.com\/juezcalatayud\/wp-json\/wp\/v2\/media\/13222"}],"wp:attachment":[{"href":"https:\/\/www.granadablogs.com\/juezcalatayud\/wp-json\/wp\/v2\/media?parent=21446"}],"wp:term":[{"taxonomy":"category","embeddable":true,"href":"https:\/\/www.granadablogs.com\/juezcalatayud\/wp-json\/wp\/v2\/categories?post=21446"},{"taxonomy":"post_tag","embeddable":true,"href":"https:\/\/www.granadablogs.com\/juezcalatayud\/wp-json\/wp\/v2\/tags?post=21446"}],"curies":[{"name":"wp","href":"https:\/\/api.w.org\/{rel}","templated":true}]}}