{"id":21422,"date":"2025-08-07T20:13:48","date_gmt":"2025-08-07T18:13:48","guid":{"rendered":"https:\/\/www.granadablogs.com\/juezcalatayud\/?p=21422"},"modified":"2025-08-07T20:13:48","modified_gmt":"2025-08-07T18:13:48","slug":"te-has-olvidado-de-tomarte-la-pastilla-pero-no-de-fregar-ya-lo-hago-yo-hijos-y-nietos-asi-es-como-se-debe-tratar-a-los-abuelos","status":"publish","type":"post","link":"https:\/\/www.granadablogs.com\/juezcalatayud\/2025\/08\/te-has-olvidado-de-tomarte-la-pastilla-pero-no-de-fregar-ya-lo-hago-yo-hijos-y-nietos-asi-es-como-se-debe-tratar-a-los-abuelos\/","title":{"rendered":"\u00abTe has olvidado de tomarte la pastilla, pero no de fregar, ya lo hago yo\u00bb. Hijos y nietos: as\u00ed es como se debe tratar a los abuelos"},"content":{"rendered":"\n<p>Buenas, soy Emilio Calatayud. Una amiga ri\u00f1e cari\u00f1osamente a su madre, que ya pasa de los 90 a\u00f1os: \u00abTe has olvidado de tomarte la pastilla, pero no de fregar, ya lo hago yo, descansa\u00bb. Hijos y nietos: as\u00ed es como se debe tratar a los abuelos. Me parece a m\u00ed. <\/p>\n","protected":false},"excerpt":{"rendered":"<p>Buenas, soy Emilio Calatayud. Una amiga ri\u00f1e cari\u00f1osamente a su madre, que ya pasa de los 90 a\u00f1os: \u00abTe has olvidado de tomarte la pastilla, pero no de fregar, ya lo hago yo, descansa\u00bb. Hijos y nietos: as\u00ed es como se debe tratar a los abuelos. Me parece a m\u00ed.<\/p>\n","protected":false},"author":1,"featured_media":8657,"comment_status":"open","ping_status":"open","sticky":false,"template":"","format":"standard","meta":{"jetpack_post_was_ever_published":false,"_jetpack_newsletter_access":"","_jetpack_dont_email_post_to_subs":false,"_jetpack_newsletter_tier_id":0,"_jetpack_memberships_contains_paywalled_content":false,"_jetpack_memberships_contains_paid_content":false,"footnotes":""},"categories":[],"tags":[1018,1,2407],"class_list":["post-21422","post","type-post","status-publish","format-standard","has-post-thumbnail","hentry","tag-abuelos","tag-blog","tag-trato"],"jetpack_featured_media_url":"https:\/\/www.granadablogs.com\/juezcalatayud\/wp-content\/uploads\/2018\/06\/juez-Alhambra.jpg","jetpack_shortlink":"https:\/\/wp.me\/p5fzW5-5zw","jetpack-related-posts":[],"jetpack_sharing_enabled":true,"_links":{"self":[{"href":"https:\/\/www.granadablogs.com\/juezcalatayud\/wp-json\/wp\/v2\/posts\/21422","targetHints":{"allow":["GET"]}}],"collection":[{"href":"https:\/\/www.granadablogs.com\/juezcalatayud\/wp-json\/wp\/v2\/posts"}],"about":[{"href":"https:\/\/www.granadablogs.com\/juezcalatayud\/wp-json\/wp\/v2\/types\/post"}],"author":[{"embeddable":true,"href":"https:\/\/www.granadablogs.com\/juezcalatayud\/wp-json\/wp\/v2\/users\/1"}],"replies":[{"embeddable":true,"href":"https:\/\/www.granadablogs.com\/juezcalatayud\/wp-json\/wp\/v2\/comments?post=21422"}],"version-history":[{"count":3,"href":"https:\/\/www.granadablogs.com\/juezcalatayud\/wp-json\/wp\/v2\/posts\/21422\/revisions"}],"predecessor-version":[{"id":21425,"href":"https:\/\/www.granadablogs.com\/juezcalatayud\/wp-json\/wp\/v2\/posts\/21422\/revisions\/21425"}],"wp:featuredmedia":[{"embeddable":true,"href":"https:\/\/www.granadablogs.com\/juezcalatayud\/wp-json\/wp\/v2\/media\/8657"}],"wp:attachment":[{"href":"https:\/\/www.granadablogs.com\/juezcalatayud\/wp-json\/wp\/v2\/media?parent=21422"}],"wp:term":[{"taxonomy":"category","embeddable":true,"href":"https:\/\/www.granadablogs.com\/juezcalatayud\/wp-json\/wp\/v2\/categories?post=21422"},{"taxonomy":"post_tag","embeddable":true,"href":"https:\/\/www.granadablogs.com\/juezcalatayud\/wp-json\/wp\/v2\/tags?post=21422"}],"curies":[{"name":"wp","href":"https:\/\/api.w.org\/{rel}","templated":true}]}}