{"id":21415,"date":"2025-08-09T20:00:26","date_gmt":"2025-08-09T18:00:26","guid":{"rendered":"https:\/\/www.granadablogs.com\/juezcalatayud\/?p=21415"},"modified":"2025-08-09T20:00:26","modified_gmt":"2025-08-09T18:00:26","slug":"nunca-olvidare-la-cara-de-asombro-que-ponian-los-choricillos-cuando-les-decia-que-tenian-derechos-y-deberes-y-tampoco-la-de-sus-padres","status":"publish","type":"post","link":"https:\/\/www.granadablogs.com\/juezcalatayud\/2025\/08\/nunca-olvidare-la-cara-de-asombro-que-ponian-los-choricillos-cuando-les-decia-que-tenian-derechos-y-deberes-y-tampoco-la-de-sus-padres\/","title":{"rendered":"Nunca olvidar\u00e9 la cara de asombro que pon\u00edan los choricillos cuando les dec\u00eda que ten\u00edan derechos y deberes&#8230;, y tampoco la de sus padres"},"content":{"rendered":"\n<p>Buenas, soy Emilio Calatayud. Ya puedo contar batallitas con todas las de le ley porque me han jubilado. Nunca olvidar\u00e9 la cara de asombro que pon\u00edan algunos choricillos cuando les dec\u00eda que ten\u00edan derechos y deberes&#8230; y tampoco la de sus padres. Conoc\u00edan todos sus derechos, pero ninguna obligaci\u00f3n.<\/p>\n\n\n\n<p><\/p>\n","protected":false},"excerpt":{"rendered":"<p>Buenas, soy Emilio Calatayud. Ya puedo contar batallitas con todas las de le ley porque me han jubilado. Nunca olvidar\u00e9 la cara de asombro que pon\u00edan algunos choricillos cuando les dec\u00eda que ten\u00edan derechos y deberes&#8230; y tampoco la de sus padres. Conoc\u00edan todos sus derechos, pero ninguna obligaci\u00f3n.<\/p>\n","protected":false},"author":1,"featured_media":11798,"comment_status":"open","ping_status":"open","sticky":false,"template":"","format":"standard","meta":{"jetpack_post_was_ever_published":false,"_jetpack_newsletter_access":"","_jetpack_dont_email_post_to_subs":false,"_jetpack_newsletter_tier_id":0,"_jetpack_memberships_contains_paywalled_content":false,"_jetpack_memberships_contains_paid_content":false,"footnotes":""},"categories":[],"tags":[1,88,625],"class_list":["post-21415","post","type-post","status-publish","format-standard","has-post-thumbnail","hentry","tag-blog","tag-deberes","tag-derechos"],"jetpack_featured_media_url":"https:\/\/www.granadablogs.com\/juezcalatayud\/wp-content\/uploads\/2019\/12\/Emilio-nuevas.jpg","jetpack_shortlink":"https:\/\/wp.me\/p5fzW5-5zp","jetpack-related-posts":[],"jetpack_sharing_enabled":true,"_links":{"self":[{"href":"https:\/\/www.granadablogs.com\/juezcalatayud\/wp-json\/wp\/v2\/posts\/21415","targetHints":{"allow":["GET"]}}],"collection":[{"href":"https:\/\/www.granadablogs.com\/juezcalatayud\/wp-json\/wp\/v2\/posts"}],"about":[{"href":"https:\/\/www.granadablogs.com\/juezcalatayud\/wp-json\/wp\/v2\/types\/post"}],"author":[{"embeddable":true,"href":"https:\/\/www.granadablogs.com\/juezcalatayud\/wp-json\/wp\/v2\/users\/1"}],"replies":[{"embeddable":true,"href":"https:\/\/www.granadablogs.com\/juezcalatayud\/wp-json\/wp\/v2\/comments?post=21415"}],"version-history":[{"count":2,"href":"https:\/\/www.granadablogs.com\/juezcalatayud\/wp-json\/wp\/v2\/posts\/21415\/revisions"}],"predecessor-version":[{"id":21432,"href":"https:\/\/www.granadablogs.com\/juezcalatayud\/wp-json\/wp\/v2\/posts\/21415\/revisions\/21432"}],"wp:featuredmedia":[{"embeddable":true,"href":"https:\/\/www.granadablogs.com\/juezcalatayud\/wp-json\/wp\/v2\/media\/11798"}],"wp:attachment":[{"href":"https:\/\/www.granadablogs.com\/juezcalatayud\/wp-json\/wp\/v2\/media?parent=21415"}],"wp:term":[{"taxonomy":"category","embeddable":true,"href":"https:\/\/www.granadablogs.com\/juezcalatayud\/wp-json\/wp\/v2\/categories?post=21415"},{"taxonomy":"post_tag","embeddable":true,"href":"https:\/\/www.granadablogs.com\/juezcalatayud\/wp-json\/wp\/v2\/tags?post=21415"}],"curies":[{"name":"wp","href":"https:\/\/api.w.org\/{rel}","templated":true}]}}