{"id":21330,"date":"2025-07-17T19:59:32","date_gmt":"2025-07-17T17:59:32","guid":{"rendered":"https:\/\/www.granadablogs.com\/juezcalatayud\/?p=21330"},"modified":"2025-07-17T19:59:32","modified_gmt":"2025-07-17T17:59:32","slug":"papi-llamame-estoy-teniendo-un-dia-que-no-me-gusta-nada-papi-asustado-llama-de-inmediato-y-la-nina-responde-a-las-cinco-horas-ah-no-era-nada-los-ninos-ven-demasiadas-series","status":"publish","type":"post","link":"https:\/\/www.granadablogs.com\/juezcalatayud\/2025\/07\/papi-llamame-estoy-teniendo-un-dia-que-no-me-gusta-nada-papi-asustado-llama-de-inmediato-y-la-nina-responde-a-las-cinco-horas-ah-no-era-nada-los-ninos-ven-demasiadas-series\/","title":{"rendered":"\u00abPapi, ll\u00e1mame, estoy teniendo un d\u00eda que no me gusta nada\u00bb. Papi, asustado, llama de inmediato y la ni\u00f1a responde a las cinco horas: \u00abAh, no era nada\u00bb. Los ni\u00f1os ven demasiadas series"},"content":{"rendered":"\n<p>Buenas, soy Emilio Calatayud. La historia me la cuenta un amigo que tiene a su hija estudiando en el extranjero. La ni\u00f1a le llama por tel\u00e9fono y \u00e9l tarda un minuto en coger el m\u00f3vil, pero ella ya ha colgado. Eso s\u00ed, ha dejado un mensaje inquietante: \u00abPapi, ll\u00e1mame, estoy teniendo un d\u00eda que no me gusta nada\u00bb. Papi, asustado, llama de inmediato a la ni\u00f1a, pero ella no responde. Tarda cinco horas en hacerlo y dice: \u00abAh, no era nada\u00bb. A Papi, que ya se ha tomado dos tilas, se lo llevan los demonios. Los ni\u00f1os ven demasiadas series y nunca cogen el tel\u00e9fono. Pero dan muchas satisfacciones. Eso dicen. <\/p>\n","protected":false},"excerpt":{"rendered":"<p>Buenas, soy Emilio Calatayud. La historia me la cuenta un amigo que tiene a su hija estudiando en el extranjero. La ni\u00f1a le llama por tel\u00e9fono y \u00e9l tarda un minuto en coger el m\u00f3vil, pero ella ya ha colgado. Eso s\u00ed, ha dejado un mensaje inquietante: \u00abPapi, ll\u00e1mame, estoy teniendo un d\u00eda que no [&hellip;]<\/p>\n","protected":false},"author":1,"featured_media":16706,"comment_status":"open","ping_status":"open","sticky":false,"template":"","format":"standard","meta":{"jetpack_post_was_ever_published":false,"_jetpack_newsletter_access":"","_jetpack_dont_email_post_to_subs":false,"_jetpack_newsletter_tier_id":0,"_jetpack_memberships_contains_paywalled_content":false,"_jetpack_memberships_contains_paid_content":false,"footnotes":""},"categories":[],"tags":[1,342,4105],"class_list":["post-21330","post","type-post","status-publish","format-standard","has-post-thumbnail","hentry","tag-blog","tag-hija","tag-llamada"],"jetpack_featured_media_url":"https:\/\/www.granadablogs.com\/juezcalatayud\/wp-content\/uploads\/2022\/09\/Corbata.jpg","jetpack_shortlink":"https:\/\/wp.me\/p5fzW5-5y2","jetpack-related-posts":[],"jetpack_sharing_enabled":true,"_links":{"self":[{"href":"https:\/\/www.granadablogs.com\/juezcalatayud\/wp-json\/wp\/v2\/posts\/21330","targetHints":{"allow":["GET"]}}],"collection":[{"href":"https:\/\/www.granadablogs.com\/juezcalatayud\/wp-json\/wp\/v2\/posts"}],"about":[{"href":"https:\/\/www.granadablogs.com\/juezcalatayud\/wp-json\/wp\/v2\/types\/post"}],"author":[{"embeddable":true,"href":"https:\/\/www.granadablogs.com\/juezcalatayud\/wp-json\/wp\/v2\/users\/1"}],"replies":[{"embeddable":true,"href":"https:\/\/www.granadablogs.com\/juezcalatayud\/wp-json\/wp\/v2\/comments?post=21330"}],"version-history":[{"count":2,"href":"https:\/\/www.granadablogs.com\/juezcalatayud\/wp-json\/wp\/v2\/posts\/21330\/revisions"}],"predecessor-version":[{"id":21332,"href":"https:\/\/www.granadablogs.com\/juezcalatayud\/wp-json\/wp\/v2\/posts\/21330\/revisions\/21332"}],"wp:featuredmedia":[{"embeddable":true,"href":"https:\/\/www.granadablogs.com\/juezcalatayud\/wp-json\/wp\/v2\/media\/16706"}],"wp:attachment":[{"href":"https:\/\/www.granadablogs.com\/juezcalatayud\/wp-json\/wp\/v2\/media?parent=21330"}],"wp:term":[{"taxonomy":"category","embeddable":true,"href":"https:\/\/www.granadablogs.com\/juezcalatayud\/wp-json\/wp\/v2\/categories?post=21330"},{"taxonomy":"post_tag","embeddable":true,"href":"https:\/\/www.granadablogs.com\/juezcalatayud\/wp-json\/wp\/v2\/tags?post=21330"}],"curies":[{"name":"wp","href":"https:\/\/api.w.org\/{rel}","templated":true}]}}