{"id":21061,"date":"2025-04-29T14:03:29","date_gmt":"2025-04-29T12:03:29","guid":{"rendered":"https:\/\/www.granadablogs.com\/juezcalatayud\/?p=21061"},"modified":"2025-04-29T14:03:29","modified_gmt":"2025-04-29T12:03:29","slug":"le-dije-a-una-abuela-de-90-anos-se-ha-ido-la-luz-y-me-pregunto-a-donde-esa-es-la-cuestion","status":"publish","type":"post","link":"https:\/\/www.granadablogs.com\/juezcalatayud\/2025\/04\/le-dije-a-una-abuela-de-90-anos-se-ha-ido-la-luz-y-me-pregunto-a-donde-esa-es-la-cuestion\/","title":{"rendered":"Le dije a una abuela de 90 a\u00f1os: \u00abSe ha ido la luz\u00bb; y me pregunt\u00f3: \u00ab\u00bfA d\u00f3nde?\u00bb Esa es la cuesti\u00f3n"},"content":{"rendered":"\n<p>Buenas, soy Emilio Calatayud. Volvemos a las andadas tras el apag\u00f3n. Le dije ayer a una abuela de 90 a\u00f1os: \u00abSe ha ido la luz\u00bb; y me pregunta: \u00ab\u00bfA d\u00f3nde?\u00bb Y esa es la cuesti\u00f3n que nos tendr\u00e1n que aclarar. Como siempre, los ni\u00f1os y los abuelos son los que aportan la sabidur\u00eda.<\/p>\n\n\n\n<p>Y un abrazo para las miles de personas que lo han pasado mal durante las \u00faltimas horas. <\/p>\n","protected":false},"excerpt":{"rendered":"<p>Buenas, soy Emilio Calatayud. Volvemos a las andadas tras el apag\u00f3n. Le dije ayer a una abuela de 90 a\u00f1os: \u00abSe ha ido la luz\u00bb; y me pregunta: \u00ab\u00bfA d\u00f3nde?\u00bb Y esa es la cuesti\u00f3n que nos tendr\u00e1n que aclarar. Como siempre, los ni\u00f1os y los abuelos son los que aportan la sabidur\u00eda. Y un [&hellip;]<\/p>\n","protected":false},"author":1,"featured_media":20641,"comment_status":"open","ping_status":"open","sticky":false,"template":"","format":"standard","meta":{"jetpack_post_was_ever_published":false,"_jetpack_newsletter_access":"","_jetpack_dont_email_post_to_subs":false,"_jetpack_newsletter_tier_id":0,"_jetpack_memberships_contains_paywalled_content":false,"_jetpack_memberships_contains_paid_content":false,"footnotes":""},"categories":[],"tags":[3017,1],"class_list":["post-21061","post","type-post","status-publish","format-standard","has-post-thumbnail","hentry","tag-apagon","tag-blog"],"jetpack_featured_media_url":"https:\/\/www.granadablogs.com\/juezcalatayud\/wp-content\/uploads\/2024\/12\/IMG-20241226-WA0004-1.jpg","jetpack_shortlink":"https:\/\/wp.me\/p5fzW5-5tH","jetpack-related-posts":[],"jetpack_sharing_enabled":true,"_links":{"self":[{"href":"https:\/\/www.granadablogs.com\/juezcalatayud\/wp-json\/wp\/v2\/posts\/21061","targetHints":{"allow":["GET"]}}],"collection":[{"href":"https:\/\/www.granadablogs.com\/juezcalatayud\/wp-json\/wp\/v2\/posts"}],"about":[{"href":"https:\/\/www.granadablogs.com\/juezcalatayud\/wp-json\/wp\/v2\/types\/post"}],"author":[{"embeddable":true,"href":"https:\/\/www.granadablogs.com\/juezcalatayud\/wp-json\/wp\/v2\/users\/1"}],"replies":[{"embeddable":true,"href":"https:\/\/www.granadablogs.com\/juezcalatayud\/wp-json\/wp\/v2\/comments?post=21061"}],"version-history":[{"count":2,"href":"https:\/\/www.granadablogs.com\/juezcalatayud\/wp-json\/wp\/v2\/posts\/21061\/revisions"}],"predecessor-version":[{"id":21063,"href":"https:\/\/www.granadablogs.com\/juezcalatayud\/wp-json\/wp\/v2\/posts\/21061\/revisions\/21063"}],"wp:featuredmedia":[{"embeddable":true,"href":"https:\/\/www.granadablogs.com\/juezcalatayud\/wp-json\/wp\/v2\/media\/20641"}],"wp:attachment":[{"href":"https:\/\/www.granadablogs.com\/juezcalatayud\/wp-json\/wp\/v2\/media?parent=21061"}],"wp:term":[{"taxonomy":"category","embeddable":true,"href":"https:\/\/www.granadablogs.com\/juezcalatayud\/wp-json\/wp\/v2\/categories?post=21061"},{"taxonomy":"post_tag","embeddable":true,"href":"https:\/\/www.granadablogs.com\/juezcalatayud\/wp-json\/wp\/v2\/tags?post=21061"}],"curies":[{"name":"wp","href":"https:\/\/api.w.org\/{rel}","templated":true}]}}