{"id":21049,"date":"2025-04-27T20:07:03","date_gmt":"2025-04-27T18:07:03","guid":{"rendered":"https:\/\/www.granadablogs.com\/juezcalatayud\/?p=21049"},"modified":"2025-04-27T20:07:03","modified_gmt":"2025-04-27T18:07:03","slug":"le-digo-a-una-de-mis-nietas-te-gusta-ir-al-cole-y-me-responde-no-cuchi-ha-salido-a-mi-ja-ja-ja","status":"publish","type":"post","link":"https:\/\/www.granadablogs.com\/juezcalatayud\/2025\/04\/le-digo-a-una-de-mis-nietas-te-gusta-ir-al-cole-y-me-responde-no-cuchi-ha-salido-a-mi-ja-ja-ja\/","title":{"rendered":"Le digo a una de mis nietas \u00bfte gusta ir al cole? y me responde: \u00abno\u00bb. &#8216;Cuchi&#8217;, ha salido a m\u00ed, ja, ja, ja"},"content":{"rendered":"\n<p>Buenas, soy Emilio Calatayud. Le pregunto a una de mis nietas si le gusta ir al cole y me responde: \u00abno\u00bb. &#8216;Cuchi&#8217;, ha salido a m\u00ed, ja, ja, ja. Cuando yo era peque\u00f1o, no me gustaba ir al cole. Siempre lo he reconocido. No me he escondido. De hecho, ya lo he comentado m\u00e1s de una vez aqu\u00ed en el blog. <\/p>\n","protected":false},"excerpt":{"rendered":"<p>Buenas, soy Emilio Calatayud. Le pregunto a una de mis nietas si le gusta ir al cole y me responde: \u00abno\u00bb. &#8216;Cuchi&#8217;, ha salido a m\u00ed, ja, ja, ja. Cuando yo era peque\u00f1o, no me gustaba ir al cole. Siempre lo he reconocido. No me he escondido. De hecho, ya lo he comentado m\u00e1s de [&hellip;]<\/p>\n","protected":false},"author":1,"featured_media":13866,"comment_status":"open","ping_status":"open","sticky":false,"template":"","format":"standard","meta":{"jetpack_post_was_ever_published":false,"_jetpack_newsletter_access":"","_jetpack_dont_email_post_to_subs":false,"_jetpack_newsletter_tier_id":0,"_jetpack_memberships_contains_paywalled_content":false,"_jetpack_memberships_contains_paid_content":false,"footnotes":""},"categories":[],"tags":[1,4048,2247,4049],"class_list":["post-21049","post","type-post","status-publish","format-standard","has-post-thumbnail","hentry","tag-blog","tag-ir-al-colegio","tag-nieta","tag-no-le-gusta"],"jetpack_featured_media_url":"https:\/\/www.granadablogs.com\/juezcalatayud\/wp-content\/uploads\/2020\/11\/Emilio.jpg","jetpack_shortlink":"https:\/\/wp.me\/p5fzW5-5tv","jetpack-related-posts":[],"jetpack_sharing_enabled":true,"_links":{"self":[{"href":"https:\/\/www.granadablogs.com\/juezcalatayud\/wp-json\/wp\/v2\/posts\/21049","targetHints":{"allow":["GET"]}}],"collection":[{"href":"https:\/\/www.granadablogs.com\/juezcalatayud\/wp-json\/wp\/v2\/posts"}],"about":[{"href":"https:\/\/www.granadablogs.com\/juezcalatayud\/wp-json\/wp\/v2\/types\/post"}],"author":[{"embeddable":true,"href":"https:\/\/www.granadablogs.com\/juezcalatayud\/wp-json\/wp\/v2\/users\/1"}],"replies":[{"embeddable":true,"href":"https:\/\/www.granadablogs.com\/juezcalatayud\/wp-json\/wp\/v2\/comments?post=21049"}],"version-history":[{"count":4,"href":"https:\/\/www.granadablogs.com\/juezcalatayud\/wp-json\/wp\/v2\/posts\/21049\/revisions"}],"predecessor-version":[{"id":21060,"href":"https:\/\/www.granadablogs.com\/juezcalatayud\/wp-json\/wp\/v2\/posts\/21049\/revisions\/21060"}],"wp:featuredmedia":[{"embeddable":true,"href":"https:\/\/www.granadablogs.com\/juezcalatayud\/wp-json\/wp\/v2\/media\/13866"}],"wp:attachment":[{"href":"https:\/\/www.granadablogs.com\/juezcalatayud\/wp-json\/wp\/v2\/media?parent=21049"}],"wp:term":[{"taxonomy":"category","embeddable":true,"href":"https:\/\/www.granadablogs.com\/juezcalatayud\/wp-json\/wp\/v2\/categories?post=21049"},{"taxonomy":"post_tag","embeddable":true,"href":"https:\/\/www.granadablogs.com\/juezcalatayud\/wp-json\/wp\/v2\/tags?post=21049"}],"curies":[{"name":"wp","href":"https:\/\/api.w.org\/{rel}","templated":true}]}}