{"id":21043,"date":"2025-04-23T16:02:00","date_gmt":"2025-04-23T14:02:00","guid":{"rendered":"https:\/\/www.granadablogs.com\/juezcalatayud\/?p=21043"},"modified":"2025-04-23T16:02:00","modified_gmt":"2025-04-23T14:02:00","slug":"feliz-dia-del-libro-leed-que-es-bueno-para-la-salud-aunque-sea-un-libro-nuestro-ja-ja-ja","status":"publish","type":"post","link":"https:\/\/www.granadablogs.com\/juezcalatayud\/2025\/04\/feliz-dia-del-libro-leed-que-es-bueno-para-la-salud-aunque-sea-un-libro-nuestro-ja-ja-ja\/","title":{"rendered":"Feliz D\u00eda del Libro, leed, que es bueno para la salud, aunque sea un libro nuestro, ja, ja, ja"},"content":{"rendered":"\n<p>Buenas, soy Carlos Mor\u00e1n, el compa\u00f1ero de blog de don Emilio. Su se\u00f1or\u00eda y un servidor os deseamos un feliz D\u00eda del Libro. Leed, que es bueno para la salud mental y f\u00edsica. Leed, aunque sea un libro nuestro, ja, ja, ja. Por ejemplo, &#8216;Buenas, soy Emilio Calatayud y voy a hablarles de&#8230;&#8217;, (Editorial Alienta-Planeta, a\u00f1o 2014)) o &#8216;Mis sentencias ejemplares&#8217; (La Esfera de los Libros, a\u00f1o 2008). No es por chulear, pero, pese a que ambos ya tienen una edad, abordan temas que siguen estando muy de actualidad. Y eso es bueno y es malo. Bueno, porque se avis\u00f3 de lo que ven\u00eda y malo, porque las soluciones est\u00e1n llegando tarde.<\/p>\n","protected":false},"excerpt":{"rendered":"<p>Buenas, soy Carlos Mor\u00e1n, el compa\u00f1ero de blog de don Emilio. Su se\u00f1or\u00eda y un servidor os deseamos un feliz D\u00eda del Libro. Leed, que es bueno para la salud mental y f\u00edsica. Leed, aunque sea un libro nuestro, ja, ja, ja. Por ejemplo, &#8216;Buenas, soy Emilio Calatayud y voy a hablarles de&#8230;&#8217;, (Editorial Alienta-Planeta, [&hellip;]<\/p>\n","protected":false},"author":3,"featured_media":18883,"comment_status":"open","ping_status":"open","sticky":false,"template":"","format":"standard","meta":{"jetpack_post_was_ever_published":false,"_jetpack_newsletter_access":"","_jetpack_dont_email_post_to_subs":false,"_jetpack_newsletter_tier_id":0,"_jetpack_memberships_contains_paywalled_content":false,"_jetpack_memberships_contains_paid_content":false,"footnotes":""},"categories":[],"tags":[1,4045],"class_list":["post-21043","post","type-post","status-publish","format-standard","has-post-thumbnail","hentry","tag-blog","tag-dia-del-libro"],"jetpack_featured_media_url":"https:\/\/www.granadablogs.com\/juezcalatayud\/wp-content\/uploads\/2024\/01\/decima.jpg","jetpack_shortlink":"https:\/\/wp.me\/p5fzW5-5tp","jetpack-related-posts":[],"jetpack_sharing_enabled":true,"_links":{"self":[{"href":"https:\/\/www.granadablogs.com\/juezcalatayud\/wp-json\/wp\/v2\/posts\/21043","targetHints":{"allow":["GET"]}}],"collection":[{"href":"https:\/\/www.granadablogs.com\/juezcalatayud\/wp-json\/wp\/v2\/posts"}],"about":[{"href":"https:\/\/www.granadablogs.com\/juezcalatayud\/wp-json\/wp\/v2\/types\/post"}],"author":[{"embeddable":true,"href":"https:\/\/www.granadablogs.com\/juezcalatayud\/wp-json\/wp\/v2\/users\/3"}],"replies":[{"embeddable":true,"href":"https:\/\/www.granadablogs.com\/juezcalatayud\/wp-json\/wp\/v2\/comments?post=21043"}],"version-history":[{"count":2,"href":"https:\/\/www.granadablogs.com\/juezcalatayud\/wp-json\/wp\/v2\/posts\/21043\/revisions"}],"predecessor-version":[{"id":21045,"href":"https:\/\/www.granadablogs.com\/juezcalatayud\/wp-json\/wp\/v2\/posts\/21043\/revisions\/21045"}],"wp:featuredmedia":[{"embeddable":true,"href":"https:\/\/www.granadablogs.com\/juezcalatayud\/wp-json\/wp\/v2\/media\/18883"}],"wp:attachment":[{"href":"https:\/\/www.granadablogs.com\/juezcalatayud\/wp-json\/wp\/v2\/media?parent=21043"}],"wp:term":[{"taxonomy":"category","embeddable":true,"href":"https:\/\/www.granadablogs.com\/juezcalatayud\/wp-json\/wp\/v2\/categories?post=21043"},{"taxonomy":"post_tag","embeddable":true,"href":"https:\/\/www.granadablogs.com\/juezcalatayud\/wp-json\/wp\/v2\/tags?post=21043"}],"curies":[{"name":"wp","href":"https:\/\/api.w.org\/{rel}","templated":true}]}}