{"id":20985,"date":"2025-04-08T20:23:32","date_gmt":"2025-04-08T18:23:32","guid":{"rendered":"https:\/\/www.granadablogs.com\/juezcalatayud\/?p=20985"},"modified":"2025-04-08T20:23:32","modified_gmt":"2025-04-08T18:23:32","slug":"si-un-hijo-hace-algo-bien-hay-que-estar-con-el-y-si-hace-algo-mal-tambien-lo-que-no-vale-es-si-lo-juzgan-vas-tu-y-a-su-graduacion-voy-yo","status":"publish","type":"post","link":"https:\/\/www.granadablogs.com\/juezcalatayud\/2025\/04\/si-un-hijo-hace-algo-bien-hay-que-estar-con-el-y-si-hace-algo-mal-tambien-lo-que-no-vale-es-si-lo-juzgan-vas-tu-y-a-su-graduacion-voy-yo\/","title":{"rendered":"Si un hijo hace algo bien, hay que estar con \u00e9l, y si hace algo mal, tambi\u00e9n; lo que no vale es &#8216;si lo juzgan, vas t\u00fa&#8217; y &#8216;a su graduaci\u00f3n voy yo&#8217;"},"content":{"rendered":"\n<p>Buenas, soy Emilio Calatayud. Si un hijo hace algo bien, hay que estar con \u00e9l y celebrarlo; pero si hace algo mal, tambi\u00e9n hay que estar con \u00e9l. Lo que no vale, y ocurre m\u00e1s de lo que pensamos, es &#8216;si lo juzgan o lo detienen&#8217; vas t\u00fa con \u00e9l y &#8216;a su graduaci\u00f3n voy yo&#8217;. As\u00ed no se educa. En ambos casos tienen que estar los dos: el padre y la madre. <\/p>\n","protected":false},"excerpt":{"rendered":"<p>Buenas, soy Emilio Calatayud. Si un hijo hace algo bien, hay que estar con \u00e9l y celebrarlo; pero si hace algo mal, tambi\u00e9n hay que estar con \u00e9l. Lo que no vale, y ocurre m\u00e1s de lo que pensamos, es &#8216;si lo juzgan o lo detienen&#8217; vas t\u00fa con \u00e9l y &#8216;a su graduaci\u00f3n voy [&hellip;]<\/p>\n","protected":false},"author":1,"featured_media":19567,"comment_status":"open","ping_status":"open","sticky":false,"template":"","format":"standard","meta":{"jetpack_post_was_ever_published":false,"_jetpack_newsletter_access":"","_jetpack_dont_email_post_to_subs":false,"_jetpack_newsletter_tier_id":0,"_jetpack_memberships_contains_paywalled_content":false,"_jetpack_memberships_contains_paid_content":false,"footnotes":""},"categories":[],"tags":[906,1,189,1584],"class_list":["post-20985","post","type-post","status-publish","format-standard","has-post-thumbnail","hentry","tag-bien","tag-blog","tag-hijos","tag-mal"],"jetpack_featured_media_url":"https:\/\/www.granadablogs.com\/juezcalatayud\/wp-content\/uploads\/2024\/05\/Emil-tres-scaled.jpg","jetpack_shortlink":"https:\/\/wp.me\/p5fzW5-5st","jetpack-related-posts":[],"jetpack_sharing_enabled":true,"_links":{"self":[{"href":"https:\/\/www.granadablogs.com\/juezcalatayud\/wp-json\/wp\/v2\/posts\/20985","targetHints":{"allow":["GET"]}}],"collection":[{"href":"https:\/\/www.granadablogs.com\/juezcalatayud\/wp-json\/wp\/v2\/posts"}],"about":[{"href":"https:\/\/www.granadablogs.com\/juezcalatayud\/wp-json\/wp\/v2\/types\/post"}],"author":[{"embeddable":true,"href":"https:\/\/www.granadablogs.com\/juezcalatayud\/wp-json\/wp\/v2\/users\/1"}],"replies":[{"embeddable":true,"href":"https:\/\/www.granadablogs.com\/juezcalatayud\/wp-json\/wp\/v2\/comments?post=20985"}],"version-history":[{"count":1,"href":"https:\/\/www.granadablogs.com\/juezcalatayud\/wp-json\/wp\/v2\/posts\/20985\/revisions"}],"predecessor-version":[{"id":20986,"href":"https:\/\/www.granadablogs.com\/juezcalatayud\/wp-json\/wp\/v2\/posts\/20985\/revisions\/20986"}],"wp:featuredmedia":[{"embeddable":true,"href":"https:\/\/www.granadablogs.com\/juezcalatayud\/wp-json\/wp\/v2\/media\/19567"}],"wp:attachment":[{"href":"https:\/\/www.granadablogs.com\/juezcalatayud\/wp-json\/wp\/v2\/media?parent=20985"}],"wp:term":[{"taxonomy":"category","embeddable":true,"href":"https:\/\/www.granadablogs.com\/juezcalatayud\/wp-json\/wp\/v2\/categories?post=20985"},{"taxonomy":"post_tag","embeddable":true,"href":"https:\/\/www.granadablogs.com\/juezcalatayud\/wp-json\/wp\/v2\/tags?post=20985"}],"curies":[{"name":"wp","href":"https:\/\/api.w.org\/{rel}","templated":true}]}}