{"id":20983,"date":"2025-04-07T20:09:47","date_gmt":"2025-04-07T18:09:47","guid":{"rendered":"https:\/\/www.granadablogs.com\/juezcalatayud\/?p=20983"},"modified":"2025-04-07T20:09:47","modified_gmt":"2025-04-07T18:09:47","slug":"el-debate-sobre-universidad-privada-o-publica-yo-estudie-en-la-privada-y-di-clases-en-dos-publicas-asi-que-me-quedo-con-la-dos","status":"publish","type":"post","link":"https:\/\/www.granadablogs.com\/juezcalatayud\/2025\/04\/el-debate-sobre-universidad-privada-o-publica-yo-estudie-en-la-privada-y-di-clases-en-dos-publicas-asi-que-me-quedo-con-la-dos\/","title":{"rendered":"El debate sobre universidad privada o p\u00fablica: yo estudi\u00e9 en la privada y di clases en dos p\u00fablicas, as\u00ed que me quedo con la dos"},"content":{"rendered":"\n<p>Buenas, soy Emilio Calatayud. Hay un debate sobre si las universidades p\u00fablicas son mejores que las privadas o viceversa. Como siempre pasa en Espa\u00f1a, se generaliza y se dicen cosas como llamar \u00abchiringuitos\u00bb a las privadas. En fin. yo estudi\u00e9 en la privada y di clases en dos p\u00fablicas, as\u00ed que me quedo con las dos. Eso deber\u00eda ser lo normal. <\/p>\n","protected":false},"excerpt":{"rendered":"<p>Buenas, soy Emilio Calatayud. Hay un debate sobre si las universidades p\u00fablicas son mejores que las privadas o viceversa. Como siempre pasa en Espa\u00f1a, se generaliza y se dicen cosas como llamar \u00abchiringuitos\u00bb a las privadas. En fin. yo estudi\u00e9 en la privada y di clases en dos p\u00fablicas, as\u00ed que me quedo con las [&hellip;]<\/p>\n","protected":false},"author":1,"featured_media":16706,"comment_status":"open","ping_status":"open","sticky":false,"template":"","format":"standard","meta":{"jetpack_post_was_ever_published":false,"_jetpack_newsletter_access":"","_jetpack_dont_email_post_to_subs":false,"_jetpack_newsletter_tier_id":0,"_jetpack_memberships_contains_paywalled_content":false,"_jetpack_memberships_contains_paid_content":false,"footnotes":""},"categories":[],"tags":[1,4033,392,1272],"class_list":["post-20983","post","type-post","status-publish","format-standard","has-post-thumbnail","hentry","tag-blog","tag-privada","tag-publica","tag-universidad"],"jetpack_featured_media_url":"https:\/\/www.granadablogs.com\/juezcalatayud\/wp-content\/uploads\/2022\/09\/Corbata.jpg","jetpack_shortlink":"https:\/\/wp.me\/p5fzW5-5sr","jetpack-related-posts":[],"jetpack_sharing_enabled":true,"_links":{"self":[{"href":"https:\/\/www.granadablogs.com\/juezcalatayud\/wp-json\/wp\/v2\/posts\/20983","targetHints":{"allow":["GET"]}}],"collection":[{"href":"https:\/\/www.granadablogs.com\/juezcalatayud\/wp-json\/wp\/v2\/posts"}],"about":[{"href":"https:\/\/www.granadablogs.com\/juezcalatayud\/wp-json\/wp\/v2\/types\/post"}],"author":[{"embeddable":true,"href":"https:\/\/www.granadablogs.com\/juezcalatayud\/wp-json\/wp\/v2\/users\/1"}],"replies":[{"embeddable":true,"href":"https:\/\/www.granadablogs.com\/juezcalatayud\/wp-json\/wp\/v2\/comments?post=20983"}],"version-history":[{"count":1,"href":"https:\/\/www.granadablogs.com\/juezcalatayud\/wp-json\/wp\/v2\/posts\/20983\/revisions"}],"predecessor-version":[{"id":20984,"href":"https:\/\/www.granadablogs.com\/juezcalatayud\/wp-json\/wp\/v2\/posts\/20983\/revisions\/20984"}],"wp:featuredmedia":[{"embeddable":true,"href":"https:\/\/www.granadablogs.com\/juezcalatayud\/wp-json\/wp\/v2\/media\/16706"}],"wp:attachment":[{"href":"https:\/\/www.granadablogs.com\/juezcalatayud\/wp-json\/wp\/v2\/media?parent=20983"}],"wp:term":[{"taxonomy":"category","embeddable":true,"href":"https:\/\/www.granadablogs.com\/juezcalatayud\/wp-json\/wp\/v2\/categories?post=20983"},{"taxonomy":"post_tag","embeddable":true,"href":"https:\/\/www.granadablogs.com\/juezcalatayud\/wp-json\/wp\/v2\/tags?post=20983"}],"curies":[{"name":"wp","href":"https:\/\/api.w.org\/{rel}","templated":true}]}}