{"id":20937,"date":"2025-03-23T21:06:58","date_gmt":"2025-03-23T19:06:58","guid":{"rendered":"https:\/\/www.granadablogs.com\/juezcalatayud\/?p=20937"},"modified":"2025-03-23T21:06:58","modified_gmt":"2025-03-23T19:06:58","slug":"sigue-lloviendo-en-grana-dicen-que-ya-hay-mejillones-y-percebes-en-el-rio-darro-a-su-paso-por-el-paseo-de-los-tristes","status":"publish","type":"post","link":"https:\/\/www.granadablogs.com\/juezcalatayud\/2025\/03\/sigue-lloviendo-en-grana-dicen-que-ya-hay-mejillones-y-percebes-en-el-rio-darro-a-su-paso-por-el-paseo-de-los-tristes\/","title":{"rendered":"Sigue lloviendo en Gran\u00e1, dicen que ya hay mejillones y percebes en el r\u00edo Darro a su paso por el Paseo de los Tristes"},"content":{"rendered":"\n<p>Buenas, soy Emilio Calatayud. Ya es primavera en&#8230; Gran\u00e1, pero sigue lloviendo y nevando. Dicen que ya hay mejillones y percebes en el r\u00edo Darro a su paso por el Paseo de los Tristes, en el bajo Albaic\u00edn. No hay mal que por bien no venga. <\/p>\n","protected":false},"excerpt":{"rendered":"<p>Buenas, soy Emilio Calatayud. Ya es primavera en&#8230; Gran\u00e1, pero sigue lloviendo y nevando. Dicen que ya hay mejillones y percebes en el r\u00edo Darro a su paso por el Paseo de los Tristes, en el bajo Albaic\u00edn. No hay mal que por bien no venga.<\/p>\n","protected":false},"author":1,"featured_media":8783,"comment_status":"open","ping_status":"open","sticky":false,"template":"","format":"standard","meta":{"jetpack_post_was_ever_published":false,"_jetpack_newsletter_access":"","_jetpack_dont_email_post_to_subs":false,"_jetpack_newsletter_tier_id":0,"_jetpack_memberships_contains_paywalled_content":false,"_jetpack_memberships_contains_paid_content":false,"footnotes":""},"categories":[],"tags":[1,2759,4017,4016],"class_list":["post-20937","post","type-post","status-publish","format-standard","has-post-thumbnail","hentry","tag-blog","tag-grana","tag-lloviendo","tag-sigue"],"jetpack_featured_media_url":"https:\/\/www.granadablogs.com\/juezcalatayud\/wp-content\/uploads\/2018\/07\/cero-y-Emilio.jpg","jetpack_shortlink":"https:\/\/wp.me\/p5fzW5-5rH","jetpack-related-posts":[],"jetpack_sharing_enabled":true,"_links":{"self":[{"href":"https:\/\/www.granadablogs.com\/juezcalatayud\/wp-json\/wp\/v2\/posts\/20937","targetHints":{"allow":["GET"]}}],"collection":[{"href":"https:\/\/www.granadablogs.com\/juezcalatayud\/wp-json\/wp\/v2\/posts"}],"about":[{"href":"https:\/\/www.granadablogs.com\/juezcalatayud\/wp-json\/wp\/v2\/types\/post"}],"author":[{"embeddable":true,"href":"https:\/\/www.granadablogs.com\/juezcalatayud\/wp-json\/wp\/v2\/users\/1"}],"replies":[{"embeddable":true,"href":"https:\/\/www.granadablogs.com\/juezcalatayud\/wp-json\/wp\/v2\/comments?post=20937"}],"version-history":[{"count":1,"href":"https:\/\/www.granadablogs.com\/juezcalatayud\/wp-json\/wp\/v2\/posts\/20937\/revisions"}],"predecessor-version":[{"id":20938,"href":"https:\/\/www.granadablogs.com\/juezcalatayud\/wp-json\/wp\/v2\/posts\/20937\/revisions\/20938"}],"wp:featuredmedia":[{"embeddable":true,"href":"https:\/\/www.granadablogs.com\/juezcalatayud\/wp-json\/wp\/v2\/media\/8783"}],"wp:attachment":[{"href":"https:\/\/www.granadablogs.com\/juezcalatayud\/wp-json\/wp\/v2\/media?parent=20937"}],"wp:term":[{"taxonomy":"category","embeddable":true,"href":"https:\/\/www.granadablogs.com\/juezcalatayud\/wp-json\/wp\/v2\/categories?post=20937"},{"taxonomy":"post_tag","embeddable":true,"href":"https:\/\/www.granadablogs.com\/juezcalatayud\/wp-json\/wp\/v2\/tags?post=20937"}],"curies":[{"name":"wp","href":"https:\/\/api.w.org\/{rel}","templated":true}]}}