{"id":20911,"date":"2025-03-13T21:28:37","date_gmt":"2025-03-13T19:28:37","guid":{"rendered":"https:\/\/www.granadablogs.com\/juezcalatayud\/?p=20911"},"modified":"2025-03-13T21:28:37","modified_gmt":"2025-03-13T19:28:37","slug":"nadie-esta-preparado-para-que-le-asesinen-a-un-hijo-y-nadie-esta-preparado-para-que-su-hijo-sea-un-asesino","status":"publish","type":"post","link":"https:\/\/www.granadablogs.com\/juezcalatayud\/2025\/03\/nadie-esta-preparado-para-que-le-asesinen-a-un-hijo-y-nadie-esta-preparado-para-que-su-hijo-sea-un-asesino\/","title":{"rendered":"Nadie est\u00e1 preparado para que le asesinen a un hijo y nadie est\u00e1 preparado para que su hijo sea un asesino"},"content":{"rendered":"\n<p>Buenas, soy Emilio Calatayud. Nadie est\u00e1 preparado para que le asesinen a un hijo. Es algo tan terrible que no tenemos defensas contra algo as\u00ed. Pero es que tampoco nadie est\u00e1 preparado para que su hijo sea un asesino. S\u00e9 de lo que hablo porque soy juez de Menores. Ojal\u00e1 nadie tuviera que soportar cargas  como esas nunca m\u00e1s. <\/p>\n","protected":false},"excerpt":{"rendered":"<p>Buenas, soy Emilio Calatayud. Nadie est\u00e1 preparado para que le asesinen a un hijo. Es algo tan terrible que no tenemos defensas contra algo as\u00ed. Pero es que tampoco nadie est\u00e1 preparado para que su hijo sea un asesino. S\u00e9 de lo que hablo porque soy juez de Menores. Ojal\u00e1 nadie tuviera que soportar cargas [&hellip;]<\/p>\n","protected":false},"author":1,"featured_media":11798,"comment_status":"open","ping_status":"open","sticky":false,"template":"","format":"standard","meta":{"jetpack_post_was_ever_published":false,"_jetpack_newsletter_access":"","_jetpack_dont_email_post_to_subs":false,"_jetpack_newsletter_tier_id":0,"_jetpack_memberships_contains_paywalled_content":false,"_jetpack_memberships_contains_paid_content":false,"footnotes":""},"categories":[],"tags":[2960,1,189],"class_list":["post-20911","post","type-post","status-publish","format-standard","has-post-thumbnail","hentry","tag-asesino","tag-blog","tag-hijos"],"jetpack_featured_media_url":"https:\/\/www.granadablogs.com\/juezcalatayud\/wp-content\/uploads\/2019\/12\/Emilio-nuevas.jpg","jetpack_shortlink":"https:\/\/wp.me\/p5fzW5-5rh","jetpack-related-posts":[],"jetpack_sharing_enabled":true,"_links":{"self":[{"href":"https:\/\/www.granadablogs.com\/juezcalatayud\/wp-json\/wp\/v2\/posts\/20911","targetHints":{"allow":["GET"]}}],"collection":[{"href":"https:\/\/www.granadablogs.com\/juezcalatayud\/wp-json\/wp\/v2\/posts"}],"about":[{"href":"https:\/\/www.granadablogs.com\/juezcalatayud\/wp-json\/wp\/v2\/types\/post"}],"author":[{"embeddable":true,"href":"https:\/\/www.granadablogs.com\/juezcalatayud\/wp-json\/wp\/v2\/users\/1"}],"replies":[{"embeddable":true,"href":"https:\/\/www.granadablogs.com\/juezcalatayud\/wp-json\/wp\/v2\/comments?post=20911"}],"version-history":[{"count":1,"href":"https:\/\/www.granadablogs.com\/juezcalatayud\/wp-json\/wp\/v2\/posts\/20911\/revisions"}],"predecessor-version":[{"id":20912,"href":"https:\/\/www.granadablogs.com\/juezcalatayud\/wp-json\/wp\/v2\/posts\/20911\/revisions\/20912"}],"wp:featuredmedia":[{"embeddable":true,"href":"https:\/\/www.granadablogs.com\/juezcalatayud\/wp-json\/wp\/v2\/media\/11798"}],"wp:attachment":[{"href":"https:\/\/www.granadablogs.com\/juezcalatayud\/wp-json\/wp\/v2\/media?parent=20911"}],"wp:term":[{"taxonomy":"category","embeddable":true,"href":"https:\/\/www.granadablogs.com\/juezcalatayud\/wp-json\/wp\/v2\/categories?post=20911"},{"taxonomy":"post_tag","embeddable":true,"href":"https:\/\/www.granadablogs.com\/juezcalatayud\/wp-json\/wp\/v2\/tags?post=20911"}],"curies":[{"name":"wp","href":"https:\/\/api.w.org\/{rel}","templated":true}]}}