{"id":20871,"date":"2025-03-02T21:01:49","date_gmt":"2025-03-02T19:01:49","guid":{"rendered":"https:\/\/www.granadablogs.com\/juezcalatayud\/?p=20871"},"modified":"2025-03-02T21:01:49","modified_gmt":"2025-03-02T19:01:49","slug":"que-susto-da-cuando-el-nino-se-hace-adolescente-y-le-cambia-la-voz-de-repente-pasa-de-ser-joselito-a-ser-pavarotti","status":"publish","type":"post","link":"https:\/\/www.granadablogs.com\/juezcalatayud\/2025\/03\/que-susto-da-cuando-el-nino-se-hace-adolescente-y-le-cambia-la-voz-de-repente-pasa-de-ser-joselito-a-ser-pavarotti\/","title":{"rendered":"\u00a1Qu\u00e9 susto da cuando el ni\u00f1o se hace adolescente y le cambia la voz! De repente pasa de ser Joselito a ser Pavarotti"},"content":{"rendered":"\n<p>Buenas, soy Emilio Calatayud. \u00a1Qu\u00e9 susto da cuando el ni\u00f1o se hace adolescente y le cambia la voz! De repente pasa de ser Joselito (un ni\u00f1o cantor que hac\u00eda pel\u00edculas cuando entonces) a ser Pavarotti. Te da susto porque habla mas fuerte y porque, de pronto, te das cuenta de ya no es un ni\u00f1o y que pasas de tener problemas peque\u00f1os a tener problemas m\u00e1s grandes. Y as\u00ed hasta que te mueras. <\/p>\n","protected":false},"excerpt":{"rendered":"<p>Buenas, soy Emilio Calatayud. \u00a1Qu\u00e9 susto da cuando el ni\u00f1o se hace adolescente y le cambia la voz! De repente pasa de ser Joselito (un ni\u00f1o cantor que hac\u00eda pel\u00edculas cuando entonces) a ser Pavarotti. Te da susto porque habla mas fuerte y porque, de pronto, te das cuenta de ya no es un ni\u00f1o [&hellip;]<\/p>\n","protected":false},"author":1,"featured_media":10620,"comment_status":"open","ping_status":"open","sticky":false,"template":"","format":"standard","meta":{"jetpack_post_was_ever_published":false,"_jetpack_newsletter_access":"","_jetpack_dont_email_post_to_subs":false,"_jetpack_newsletter_tier_id":0,"_jetpack_memberships_contains_paywalled_content":false,"_jetpack_memberships_contains_paid_content":false,"footnotes":""},"categories":[],"tags":[1,1289,41,3997],"class_list":["post-20871","post","type-post","status-publish","format-standard","has-post-thumbnail","hentry","tag-blog","tag-cambio","tag-ninos","tag-voz"],"jetpack_featured_media_url":"https:\/\/www.granadablogs.com\/juezcalatayud\/wp-content\/uploads\/2019\/05\/Corte.jpg","jetpack_shortlink":"https:\/\/wp.me\/p5fzW5-5qD","jetpack-related-posts":[],"jetpack_sharing_enabled":true,"_links":{"self":[{"href":"https:\/\/www.granadablogs.com\/juezcalatayud\/wp-json\/wp\/v2\/posts\/20871","targetHints":{"allow":["GET"]}}],"collection":[{"href":"https:\/\/www.granadablogs.com\/juezcalatayud\/wp-json\/wp\/v2\/posts"}],"about":[{"href":"https:\/\/www.granadablogs.com\/juezcalatayud\/wp-json\/wp\/v2\/types\/post"}],"author":[{"embeddable":true,"href":"https:\/\/www.granadablogs.com\/juezcalatayud\/wp-json\/wp\/v2\/users\/1"}],"replies":[{"embeddable":true,"href":"https:\/\/www.granadablogs.com\/juezcalatayud\/wp-json\/wp\/v2\/comments?post=20871"}],"version-history":[{"count":2,"href":"https:\/\/www.granadablogs.com\/juezcalatayud\/wp-json\/wp\/v2\/posts\/20871\/revisions"}],"predecessor-version":[{"id":20873,"href":"https:\/\/www.granadablogs.com\/juezcalatayud\/wp-json\/wp\/v2\/posts\/20871\/revisions\/20873"}],"wp:featuredmedia":[{"embeddable":true,"href":"https:\/\/www.granadablogs.com\/juezcalatayud\/wp-json\/wp\/v2\/media\/10620"}],"wp:attachment":[{"href":"https:\/\/www.granadablogs.com\/juezcalatayud\/wp-json\/wp\/v2\/media?parent=20871"}],"wp:term":[{"taxonomy":"category","embeddable":true,"href":"https:\/\/www.granadablogs.com\/juezcalatayud\/wp-json\/wp\/v2\/categories?post=20871"},{"taxonomy":"post_tag","embeddable":true,"href":"https:\/\/www.granadablogs.com\/juezcalatayud\/wp-json\/wp\/v2\/tags?post=20871"}],"curies":[{"name":"wp","href":"https:\/\/api.w.org\/{rel}","templated":true}]}}