{"id":20864,"date":"2025-03-01T21:02:52","date_gmt":"2025-03-01T19:02:52","guid":{"rendered":"https:\/\/www.granadablogs.com\/juezcalatayud\/?p=20864"},"modified":"2025-03-01T21:02:52","modified_gmt":"2025-03-01T19:02:52","slug":"trump-y-su-vicepresidente-ya-se-han-ganado-el-premio-a-la-mala-educacion-si-no-pones-limites-a-tus-hijos-te-saldra-un-trump","status":"publish","type":"post","link":"https:\/\/www.granadablogs.com\/juezcalatayud\/2025\/03\/trump-y-su-vicepresidente-ya-se-han-ganado-el-premio-a-la-mala-educacion-si-no-pones-limites-a-tus-hijos-te-saldra-un-trump\/","title":{"rendered":"Trump y su vicepresidente ya se han ganado el premio a la mala educaci\u00f3n, si no pones l\u00edmites a tus hijos te saldr\u00e1 un Trump"},"content":{"rendered":"\n<p>Buenas, soy Emilio Calatayud. Trump y su vicepresidente ya se han ganado el premio a la mala educaci\u00f3n. Y solo llevan unas semanas al mando. Podemos esperar lo peor. Un aviso, si no pones l\u00edmites a tus hijos te saldr\u00e1 un Trump o un vicepresidente de Trump. <\/p>\n\n\n\n<p>En cuanto a Zelensky, se perece el premio a la paciencia o el Nobel de la Paz. O los dos. <\/p>\n","protected":false},"excerpt":{"rendered":"<p>Buenas, soy Emilio Calatayud. Trump y su vicepresidente ya se han ganado el premio a la mala educaci\u00f3n. Y solo llevan unas semanas al mando. Podemos esperar lo peor. Un aviso, si no pones l\u00edmites a tus hijos te saldr\u00e1 un Trump o un vicepresidente de Trump. En cuanto a Zelensky, se perece el premio [&hellip;]<\/p>\n","protected":false},"author":1,"featured_media":10584,"comment_status":"open","ping_status":"open","sticky":false,"template":"","format":"standard","meta":{"jetpack_post_was_ever_published":false,"_jetpack_newsletter_access":"","_jetpack_dont_email_post_to_subs":false,"_jetpack_newsletter_tier_id":0,"_jetpack_memberships_contains_paywalled_content":false,"_jetpack_memberships_contains_paid_content":false,"footnotes":""},"categories":[],"tags":[1,2838,1679,3996],"class_list":["post-20864","post","type-post","status-publish","format-standard","has-post-thumbnail","hentry","tag-blog","tag-mala-educacion","tag-trump","tag-zelensky"],"jetpack_featured_media_url":"https:\/\/www.granadablogs.com\/juezcalatayud\/wp-content\/uploads\/2019\/05\/Emi-nueva.jpg","jetpack_shortlink":"https:\/\/wp.me\/p5fzW5-5qw","jetpack-related-posts":[],"jetpack_sharing_enabled":true,"_links":{"self":[{"href":"https:\/\/www.granadablogs.com\/juezcalatayud\/wp-json\/wp\/v2\/posts\/20864","targetHints":{"allow":["GET"]}}],"collection":[{"href":"https:\/\/www.granadablogs.com\/juezcalatayud\/wp-json\/wp\/v2\/posts"}],"about":[{"href":"https:\/\/www.granadablogs.com\/juezcalatayud\/wp-json\/wp\/v2\/types\/post"}],"author":[{"embeddable":true,"href":"https:\/\/www.granadablogs.com\/juezcalatayud\/wp-json\/wp\/v2\/users\/1"}],"replies":[{"embeddable":true,"href":"https:\/\/www.granadablogs.com\/juezcalatayud\/wp-json\/wp\/v2\/comments?post=20864"}],"version-history":[{"count":2,"href":"https:\/\/www.granadablogs.com\/juezcalatayud\/wp-json\/wp\/v2\/posts\/20864\/revisions"}],"predecessor-version":[{"id":20866,"href":"https:\/\/www.granadablogs.com\/juezcalatayud\/wp-json\/wp\/v2\/posts\/20864\/revisions\/20866"}],"wp:featuredmedia":[{"embeddable":true,"href":"https:\/\/www.granadablogs.com\/juezcalatayud\/wp-json\/wp\/v2\/media\/10584"}],"wp:attachment":[{"href":"https:\/\/www.granadablogs.com\/juezcalatayud\/wp-json\/wp\/v2\/media?parent=20864"}],"wp:term":[{"taxonomy":"category","embeddable":true,"href":"https:\/\/www.granadablogs.com\/juezcalatayud\/wp-json\/wp\/v2\/categories?post=20864"},{"taxonomy":"post_tag","embeddable":true,"href":"https:\/\/www.granadablogs.com\/juezcalatayud\/wp-json\/wp\/v2\/tags?post=20864"}],"curies":[{"name":"wp","href":"https:\/\/api.w.org\/{rel}","templated":true}]}}