{"id":20854,"date":"2025-02-27T21:07:42","date_gmt":"2025-02-27T19:07:42","guid":{"rendered":"https:\/\/www.granadablogs.com\/juezcalatayud\/?p=20854"},"modified":"2025-02-27T21:15:12","modified_gmt":"2025-02-27T19:15:12","slug":"me-han-llamado-para-una-entrevista-y-estaba-en-el-bano-asi-que-no-ha-habido-entrevista-lo-primero-es-lo-primero","status":"publish","type":"post","link":"https:\/\/www.granadablogs.com\/juezcalatayud\/2025\/02\/me-han-llamado-para-una-entrevista-y-estaba-en-el-bano-asi-que-no-ha-habido-entrevista-lo-primero-es-lo-primero\/","title":{"rendered":"Me han llamado para una entrevista y estaba en el ba\u00f1o as\u00ed que no ha habido entrevista, lo primero es lo primero"},"content":{"rendered":"\n<p>Buenas, soy Emilio Calatayud. Ya estoy de vuelta en el Albaic\u00edn de Gran\u00e1. Todo bien, menos alguna cosa, como dir\u00eda el otro. Me han llamado para una entrevista y estaba en el ba\u00f1o as\u00ed que no ha habido entrevista. Lo siento, pido disculpas, pero lo primero es lo primero, ja, ja, ja. Aunque podr\u00eda haberla hecho desde el ba\u00f1o, dicen que tienen muy buena ac\u00fastica. <\/p>\n","protected":false},"excerpt":{"rendered":"<p>Buenas, soy Emilio Calatayud. Ya estoy de vuelta en el Albaic\u00edn de Gran\u00e1. Todo bien, menos alguna cosa, como dir\u00eda el otro. Me han llamado para una entrevista y estaba en el ba\u00f1o as\u00ed que no ha habido entrevista. Lo siento, pido disculpas, pero lo primero es lo primero, ja, ja, ja. Aunque podr\u00eda haberla [&hellip;]<\/p>\n","protected":false},"author":1,"featured_media":18975,"comment_status":"open","ping_status":"open","sticky":false,"template":"","format":"standard","meta":{"jetpack_post_was_ever_published":false,"_jetpack_newsletter_access":"","_jetpack_dont_email_post_to_subs":false,"_jetpack_newsletter_tier_id":0,"_jetpack_memberships_contains_paywalled_content":false,"_jetpack_memberships_contains_paid_content":false,"footnotes":""},"categories":[],"tags":[1810,1,22],"class_list":["post-20854","post","type-post","status-publish","format-standard","has-post-thumbnail","hentry","tag-bano","tag-blog","tag-entrevista"],"jetpack_featured_media_url":"https:\/\/www.granadablogs.com\/juezcalatayud\/wp-content\/uploads\/2024\/01\/Emilio-scaled.jpg","jetpack_shortlink":"https:\/\/wp.me\/p5fzW5-5qm","jetpack-related-posts":[],"jetpack_sharing_enabled":true,"_links":{"self":[{"href":"https:\/\/www.granadablogs.com\/juezcalatayud\/wp-json\/wp\/v2\/posts\/20854","targetHints":{"allow":["GET"]}}],"collection":[{"href":"https:\/\/www.granadablogs.com\/juezcalatayud\/wp-json\/wp\/v2\/posts"}],"about":[{"href":"https:\/\/www.granadablogs.com\/juezcalatayud\/wp-json\/wp\/v2\/types\/post"}],"author":[{"embeddable":true,"href":"https:\/\/www.granadablogs.com\/juezcalatayud\/wp-json\/wp\/v2\/users\/1"}],"replies":[{"embeddable":true,"href":"https:\/\/www.granadablogs.com\/juezcalatayud\/wp-json\/wp\/v2\/comments?post=20854"}],"version-history":[{"count":1,"href":"https:\/\/www.granadablogs.com\/juezcalatayud\/wp-json\/wp\/v2\/posts\/20854\/revisions"}],"predecessor-version":[{"id":20855,"href":"https:\/\/www.granadablogs.com\/juezcalatayud\/wp-json\/wp\/v2\/posts\/20854\/revisions\/20855"}],"wp:featuredmedia":[{"embeddable":true,"href":"https:\/\/www.granadablogs.com\/juezcalatayud\/wp-json\/wp\/v2\/media\/18975"}],"wp:attachment":[{"href":"https:\/\/www.granadablogs.com\/juezcalatayud\/wp-json\/wp\/v2\/media?parent=20854"}],"wp:term":[{"taxonomy":"category","embeddable":true,"href":"https:\/\/www.granadablogs.com\/juezcalatayud\/wp-json\/wp\/v2\/categories?post=20854"},{"taxonomy":"post_tag","embeddable":true,"href":"https:\/\/www.granadablogs.com\/juezcalatayud\/wp-json\/wp\/v2\/tags?post=20854"}],"curies":[{"name":"wp","href":"https:\/\/api.w.org\/{rel}","templated":true}]}}