{"id":20817,"date":"2025-02-15T18:49:20","date_gmt":"2025-02-15T16:49:20","guid":{"rendered":"https:\/\/www.granadablogs.com\/juezcalatayud\/?p=20817"},"modified":"2025-02-15T18:49:20","modified_gmt":"2025-02-15T16:49:20","slug":"un-chaval-dono-mil-euros-que-recaudo-en-su-comunion-a-los-ninos-con-cancer-recuerdo-su-gesto-en-el-dia-contra-el-cancer-infantil","status":"publish","type":"post","link":"https:\/\/www.granadablogs.com\/juezcalatayud\/2025\/02\/un-chaval-dono-mil-euros-que-recaudo-en-su-comunion-a-los-ninos-con-cancer-recuerdo-su-gesto-en-el-dia-contra-el-cancer-infantil\/","title":{"rendered":"Un chaval don\u00f3 mil euros que recaud\u00f3 en su comuni\u00f3n a los ni\u00f1os con c\u00e1ncer; recuerdo su gesto en el D\u00eda contra el C\u00e1ncer Infantil"},"content":{"rendered":"\n<p>Buenas, soy Emilio Calatayud. Hoy es el D\u00eda Internacional contra el C\u00e1ncer Infantil y Juvenil. Como ciudadano, padre y enfermo de c\u00e1ncer mando un abrazo sincero a todos los chiquillos que padecen la enfermedad y a sus familias. Y aprovecho esta fecha para recordar el gesto de un chaval que don\u00f3 los mil euros que recaud\u00f3 en su comuni\u00f3n a los ni\u00f1os con c\u00e1ncer. Con personas as\u00ed es imposible que el mundo se vaya al garete. Chicos, os animo a imitarle. No hay dinero mejor empleado. <\/p>\n","protected":false},"excerpt":{"rendered":"<p>Buenas, soy Emilio Calatayud. Hoy es el D\u00eda Internacional contra el C\u00e1ncer Infantil y Juvenil. Como ciudadano, padre y enfermo de c\u00e1ncer mando un abrazo sincero a todos los chiquillos que padecen la enfermedad y a sus familias. Y aprovecho esta fecha para recordar el gesto de un chaval que don\u00f3 los mil euros que [&hellip;]<\/p>\n","protected":false},"author":1,"featured_media":10620,"comment_status":"open","ping_status":"open","sticky":false,"template":"","format":"standard","meta":{"jetpack_post_was_ever_published":false,"_jetpack_newsletter_access":"","_jetpack_dont_email_post_to_subs":false,"_jetpack_newsletter_tier_id":0,"_jetpack_memberships_contains_paywalled_content":false,"_jetpack_memberships_contains_paid_content":false,"footnotes":""},"categories":[],"tags":[1,3116,624],"class_list":["post-20817","post","type-post","status-publish","format-standard","has-post-thumbnail","hentry","tag-blog","tag-cancer-infantil","tag-dia"],"jetpack_featured_media_url":"https:\/\/www.granadablogs.com\/juezcalatayud\/wp-content\/uploads\/2019\/05\/Corte.jpg","jetpack_shortlink":"https:\/\/wp.me\/p5fzW5-5pL","jetpack-related-posts":[],"jetpack_sharing_enabled":true,"_links":{"self":[{"href":"https:\/\/www.granadablogs.com\/juezcalatayud\/wp-json\/wp\/v2\/posts\/20817","targetHints":{"allow":["GET"]}}],"collection":[{"href":"https:\/\/www.granadablogs.com\/juezcalatayud\/wp-json\/wp\/v2\/posts"}],"about":[{"href":"https:\/\/www.granadablogs.com\/juezcalatayud\/wp-json\/wp\/v2\/types\/post"}],"author":[{"embeddable":true,"href":"https:\/\/www.granadablogs.com\/juezcalatayud\/wp-json\/wp\/v2\/users\/1"}],"replies":[{"embeddable":true,"href":"https:\/\/www.granadablogs.com\/juezcalatayud\/wp-json\/wp\/v2\/comments?post=20817"}],"version-history":[{"count":3,"href":"https:\/\/www.granadablogs.com\/juezcalatayud\/wp-json\/wp\/v2\/posts\/20817\/revisions"}],"predecessor-version":[{"id":20820,"href":"https:\/\/www.granadablogs.com\/juezcalatayud\/wp-json\/wp\/v2\/posts\/20817\/revisions\/20820"}],"wp:featuredmedia":[{"embeddable":true,"href":"https:\/\/www.granadablogs.com\/juezcalatayud\/wp-json\/wp\/v2\/media\/10620"}],"wp:attachment":[{"href":"https:\/\/www.granadablogs.com\/juezcalatayud\/wp-json\/wp\/v2\/media?parent=20817"}],"wp:term":[{"taxonomy":"category","embeddable":true,"href":"https:\/\/www.granadablogs.com\/juezcalatayud\/wp-json\/wp\/v2\/categories?post=20817"},{"taxonomy":"post_tag","embeddable":true,"href":"https:\/\/www.granadablogs.com\/juezcalatayud\/wp-json\/wp\/v2\/tags?post=20817"}],"curies":[{"name":"wp","href":"https:\/\/api.w.org\/{rel}","templated":true}]}}