{"id":20811,"date":"2025-02-13T21:00:29","date_gmt":"2025-02-13T19:00:29","guid":{"rendered":"https:\/\/www.granadablogs.com\/juezcalatayud\/?p=20811"},"modified":"2025-02-13T21:00:29","modified_gmt":"2025-02-13T19:00:29","slug":"que-bonita-y-que-barata-fue-nuestra-adolescencia-cuando-quedabas-en-el-parque-con-los-amigos-para-hablar-de-tebeos-o-pelis","status":"publish","type":"post","link":"https:\/\/www.granadablogs.com\/juezcalatayud\/2025\/02\/que-bonita-y-que-barata-fue-nuestra-adolescencia-cuando-quedabas-en-el-parque-con-los-amigos-para-hablar-de-tebeos-o-pelis\/","title":{"rendered":"\u00a1Qu\u00e9 bonita y qu\u00e9 barata fue nuestra adolescencia, cuando quedabas en el parque con los amigos para hablar de tebeos o pelis!"},"content":{"rendered":"\n<p>Buenas, soy Emilio Calatayud. No es por comparar ni por dar la raz\u00f3n a los que piensan que cualquier tiempo pasado fue mejor. Pero \u00a1qu\u00e9 bonita y qu\u00e9 barata fue nuestra adolescencia, cuando quedabas en el parque con los amigos para hablar de tebeos, pelis, f\u00fatbol o lo que fuera! \u00a1Escuchad, chavales del siglo XXI, qued\u00e1bamos para hablar! Incre\u00edble. <\/p>\n","protected":false},"excerpt":{"rendered":"<p>Buenas, soy Emilio Calatayud. No es por comparar ni por dar la raz\u00f3n a los que piensan que cualquier tiempo pasado fue mejor. Pero \u00a1qu\u00e9 bonita y qu\u00e9 barata fue nuestra adolescencia, cuando quedabas en el parque con los amigos para hablar de tebeos, pelis, f\u00fatbol o lo que fuera! \u00a1Escuchad, chavales del siglo XXI, [&hellip;]<\/p>\n","protected":false},"author":1,"featured_media":13866,"comment_status":"open","ping_status":"open","sticky":false,"template":"","format":"standard","meta":{"jetpack_post_was_ever_published":false,"_jetpack_newsletter_access":"","_jetpack_dont_email_post_to_subs":false,"_jetpack_newsletter_tier_id":0,"_jetpack_memberships_contains_paywalled_content":false,"_jetpack_memberships_contains_paid_content":false,"footnotes":""},"categories":[],"tags":[1748,1,1023,3161],"class_list":["post-20811","post","type-post","status-publish","format-standard","has-post-thumbnail","hentry","tag-adolescencia","tag-blog","tag-hablar","tag-parque"],"jetpack_featured_media_url":"https:\/\/www.granadablogs.com\/juezcalatayud\/wp-content\/uploads\/2020\/11\/Emilio.jpg","jetpack_shortlink":"https:\/\/wp.me\/p5fzW5-5pF","jetpack-related-posts":[],"jetpack_sharing_enabled":true,"_links":{"self":[{"href":"https:\/\/www.granadablogs.com\/juezcalatayud\/wp-json\/wp\/v2\/posts\/20811","targetHints":{"allow":["GET"]}}],"collection":[{"href":"https:\/\/www.granadablogs.com\/juezcalatayud\/wp-json\/wp\/v2\/posts"}],"about":[{"href":"https:\/\/www.granadablogs.com\/juezcalatayud\/wp-json\/wp\/v2\/types\/post"}],"author":[{"embeddable":true,"href":"https:\/\/www.granadablogs.com\/juezcalatayud\/wp-json\/wp\/v2\/users\/1"}],"replies":[{"embeddable":true,"href":"https:\/\/www.granadablogs.com\/juezcalatayud\/wp-json\/wp\/v2\/comments?post=20811"}],"version-history":[{"count":2,"href":"https:\/\/www.granadablogs.com\/juezcalatayud\/wp-json\/wp\/v2\/posts\/20811\/revisions"}],"predecessor-version":[{"id":20813,"href":"https:\/\/www.granadablogs.com\/juezcalatayud\/wp-json\/wp\/v2\/posts\/20811\/revisions\/20813"}],"wp:featuredmedia":[{"embeddable":true,"href":"https:\/\/www.granadablogs.com\/juezcalatayud\/wp-json\/wp\/v2\/media\/13866"}],"wp:attachment":[{"href":"https:\/\/www.granadablogs.com\/juezcalatayud\/wp-json\/wp\/v2\/media?parent=20811"}],"wp:term":[{"taxonomy":"category","embeddable":true,"href":"https:\/\/www.granadablogs.com\/juezcalatayud\/wp-json\/wp\/v2\/categories?post=20811"},{"taxonomy":"post_tag","embeddable":true,"href":"https:\/\/www.granadablogs.com\/juezcalatayud\/wp-json\/wp\/v2\/tags?post=20811"}],"curies":[{"name":"wp","href":"https:\/\/api.w.org\/{rel}","templated":true}]}}