{"id":20804,"date":"2025-02-11T21:02:35","date_gmt":"2025-02-11T19:02:35","guid":{"rendered":"https:\/\/www.granadablogs.com\/juezcalatayud\/?p=20804"},"modified":"2025-02-11T21:02:35","modified_gmt":"2025-02-11T19:02:35","slug":"pronto-los-ninos-diran-mami-de-mayor-quiero-estar-bueno-para-ir-a-una-isla-a-ligar-y-salir-en-la-tele-nos-lo-estamos-buscando","status":"publish","type":"post","link":"https:\/\/www.granadablogs.com\/juezcalatayud\/2025\/02\/pronto-los-ninos-diran-mami-de-mayor-quiero-estar-bueno-para-ir-a-una-isla-a-ligar-y-salir-en-la-tele-nos-lo-estamos-buscando\/","title":{"rendered":"Pronto los ni\u00f1os dir\u00e1n: &#8216;mami&#8217; de mayor quiero estar bueno para ir a una isla a ligar y salir en la tele; nos lo estamos buscando"},"content":{"rendered":"\n<p>Buenas, soy Emilio Calatayud. Un programa de la tele que consiste en que unos t\u00edos y t\u00edas buenas pelan la pava o discuten, o todo a la vez, est\u00e1 triunfando de nuevo. Pronto los ni\u00f1os dir\u00e1n: &#8216;mami&#8217; de mayor quiero estar bueno para ir a una isla a ligar o discutir, y salir en la tele. Nos lo estamos buscando. Por cierto, hoy es el D\u00eda Internacional de la Mujer y la Ni\u00f1a en la Ciencia. Sigue habiendo vida inteligente. <\/p>\n\n\n\n<p><\/p>\n","protected":false},"excerpt":{"rendered":"<p>Buenas, soy Emilio Calatayud. Un programa de la tele que consiste en que unos t\u00edos y t\u00edas buenas pelan la pava o discuten, o todo a la vez, est\u00e1 triunfando de nuevo. Pronto los ni\u00f1os dir\u00e1n: &#8216;mami&#8217; de mayor quiero estar bueno para ir a una isla a ligar o discutir, y salir en la [&hellip;]<\/p>\n","protected":false},"author":1,"featured_media":13230,"comment_status":"open","ping_status":"open","sticky":false,"template":"","format":"standard","meta":{"jetpack_post_was_ever_published":false,"_jetpack_newsletter_access":"","_jetpack_dont_email_post_to_subs":false,"_jetpack_newsletter_tier_id":0,"_jetpack_memberships_contains_paywalled_content":false,"_jetpack_memberships_contains_paid_content":false,"footnotes":""},"categories":[],"tags":[1,2753,2754],"class_list":["post-20804","post","type-post","status-publish","format-standard","has-post-thumbnail","hentry","tag-blog","tag-isla","tag-ligar"],"jetpack_featured_media_url":"https:\/\/www.granadablogs.com\/juezcalatayud\/wp-content\/uploads\/2020\/07\/Emil-nueva-dos.jpg","jetpack_shortlink":"https:\/\/wp.me\/p5fzW5-5py","jetpack-related-posts":[],"jetpack_sharing_enabled":true,"_links":{"self":[{"href":"https:\/\/www.granadablogs.com\/juezcalatayud\/wp-json\/wp\/v2\/posts\/20804","targetHints":{"allow":["GET"]}}],"collection":[{"href":"https:\/\/www.granadablogs.com\/juezcalatayud\/wp-json\/wp\/v2\/posts"}],"about":[{"href":"https:\/\/www.granadablogs.com\/juezcalatayud\/wp-json\/wp\/v2\/types\/post"}],"author":[{"embeddable":true,"href":"https:\/\/www.granadablogs.com\/juezcalatayud\/wp-json\/wp\/v2\/users\/1"}],"replies":[{"embeddable":true,"href":"https:\/\/www.granadablogs.com\/juezcalatayud\/wp-json\/wp\/v2\/comments?post=20804"}],"version-history":[{"count":3,"href":"https:\/\/www.granadablogs.com\/juezcalatayud\/wp-json\/wp\/v2\/posts\/20804\/revisions"}],"predecessor-version":[{"id":20807,"href":"https:\/\/www.granadablogs.com\/juezcalatayud\/wp-json\/wp\/v2\/posts\/20804\/revisions\/20807"}],"wp:featuredmedia":[{"embeddable":true,"href":"https:\/\/www.granadablogs.com\/juezcalatayud\/wp-json\/wp\/v2\/media\/13230"}],"wp:attachment":[{"href":"https:\/\/www.granadablogs.com\/juezcalatayud\/wp-json\/wp\/v2\/media?parent=20804"}],"wp:term":[{"taxonomy":"category","embeddable":true,"href":"https:\/\/www.granadablogs.com\/juezcalatayud\/wp-json\/wp\/v2\/categories?post=20804"},{"taxonomy":"post_tag","embeddable":true,"href":"https:\/\/www.granadablogs.com\/juezcalatayud\/wp-json\/wp\/v2\/tags?post=20804"}],"curies":[{"name":"wp","href":"https:\/\/api.w.org\/{rel}","templated":true}]}}