{"id":20792,"date":"2025-02-06T21:04:29","date_gmt":"2025-02-06T19:04:29","guid":{"rendered":"https:\/\/www.granadablogs.com\/juezcalatayud\/?p=20792"},"modified":"2025-02-06T21:04:29","modified_gmt":"2025-02-06T19:04:29","slug":"cuando-son-chicos-los-hijos-no-duermen-y-cuando-son-adolescentes-no-hay-quien-los-despierte","status":"publish","type":"post","link":"https:\/\/www.granadablogs.com\/juezcalatayud\/2025\/02\/cuando-son-chicos-los-hijos-no-duermen-y-cuando-son-adolescentes-no-hay-quien-los-despierte\/","title":{"rendered":"Cuando son chicos, los hijos no duermen y cuando son adolescentes, no hay quien los despierte"},"content":{"rendered":"\n<p>Buenas, soy Emilio Calatayud. Ya os he hablado muchas veces de este tema, pero nunca est\u00e1 de m\u00e1s redundar. Ser padres es muy interesante. Los cambios que experimentan los hijos durante los primeros a\u00f1os son apasionantes. Cuando son chicos, en plan beb\u00e9s, no duermen y los padres tampoco. Pero cuando son adolescentes, no hay quien los despierte. Se levantan a la una de la tarde y luego echan la siesta para estar fuertes para irse de fiesta por las noches. <\/p>\n","protected":false},"excerpt":{"rendered":"<p>Buenas, soy Emilio Calatayud. Ya os he hablado muchas veces de este tema, pero nunca est\u00e1 de m\u00e1s redundar. Ser padres es muy interesante. Los cambios que experimentan los hijos durante los primeros a\u00f1os son apasionantes. Cuando son chicos, en plan beb\u00e9s, no duermen y los padres tampoco. Pero cuando son adolescentes, no hay quien [&hellip;]<\/p>\n","protected":false},"author":1,"featured_media":13234,"comment_status":"open","ping_status":"open","sticky":false,"template":"","format":"standard","meta":{"jetpack_post_was_ever_published":false,"_jetpack_newsletter_access":"","_jetpack_dont_email_post_to_subs":false,"_jetpack_newsletter_tier_id":0,"_jetpack_memberships_contains_paywalled_content":false,"_jetpack_memberships_contains_paid_content":false,"footnotes":""},"categories":[],"tags":[1,3052,189],"class_list":["post-20792","post","type-post","status-publish","format-standard","has-post-thumbnail","hentry","tag-blog","tag-dormir","tag-hijos"],"jetpack_featured_media_url":"https:\/\/www.granadablogs.com\/juezcalatayud\/wp-content\/uploads\/2020\/07\/Emil-nueva-tres-1.jpg","jetpack_shortlink":"https:\/\/wp.me\/p5fzW5-5pm","jetpack-related-posts":[],"jetpack_sharing_enabled":true,"_links":{"self":[{"href":"https:\/\/www.granadablogs.com\/juezcalatayud\/wp-json\/wp\/v2\/posts\/20792","targetHints":{"allow":["GET"]}}],"collection":[{"href":"https:\/\/www.granadablogs.com\/juezcalatayud\/wp-json\/wp\/v2\/posts"}],"about":[{"href":"https:\/\/www.granadablogs.com\/juezcalatayud\/wp-json\/wp\/v2\/types\/post"}],"author":[{"embeddable":true,"href":"https:\/\/www.granadablogs.com\/juezcalatayud\/wp-json\/wp\/v2\/users\/1"}],"replies":[{"embeddable":true,"href":"https:\/\/www.granadablogs.com\/juezcalatayud\/wp-json\/wp\/v2\/comments?post=20792"}],"version-history":[{"count":1,"href":"https:\/\/www.granadablogs.com\/juezcalatayud\/wp-json\/wp\/v2\/posts\/20792\/revisions"}],"predecessor-version":[{"id":20793,"href":"https:\/\/www.granadablogs.com\/juezcalatayud\/wp-json\/wp\/v2\/posts\/20792\/revisions\/20793"}],"wp:featuredmedia":[{"embeddable":true,"href":"https:\/\/www.granadablogs.com\/juezcalatayud\/wp-json\/wp\/v2\/media\/13234"}],"wp:attachment":[{"href":"https:\/\/www.granadablogs.com\/juezcalatayud\/wp-json\/wp\/v2\/media?parent=20792"}],"wp:term":[{"taxonomy":"category","embeddable":true,"href":"https:\/\/www.granadablogs.com\/juezcalatayud\/wp-json\/wp\/v2\/categories?post=20792"},{"taxonomy":"post_tag","embeddable":true,"href":"https:\/\/www.granadablogs.com\/juezcalatayud\/wp-json\/wp\/v2\/tags?post=20792"}],"curies":[{"name":"wp","href":"https:\/\/api.w.org\/{rel}","templated":true}]}}