{"id":20754,"date":"2025-01-26T21:10:24","date_gmt":"2025-01-26T19:10:24","guid":{"rendered":"https:\/\/www.granadablogs.com\/juezcalatayud\/?p=20754"},"modified":"2025-01-26T21:10:24","modified_gmt":"2025-01-26T19:10:24","slug":"llega-un-dia-que-miras-a-tus-hijos-ya-crecidos-y-te-dices-que-majos-son-no-lo-hemos-hecho-tan-mal-un-momentazo","status":"publish","type":"post","link":"https:\/\/www.granadablogs.com\/juezcalatayud\/2025\/01\/llega-un-dia-que-miras-a-tus-hijos-ya-crecidos-y-te-dices-que-majos-son-no-lo-hemos-hecho-tan-mal-un-momentazo\/","title":{"rendered":"Llega un d\u00eda que miras a tus hijos ya crecidos y te dices: qu\u00e9 majos son, no lo hemos hecho tan mal, un momentazo"},"content":{"rendered":"\n<p>Buenas, soy Emilio Calatayud. Tranquilos padres, llegar\u00e1 un d\u00eda que mirar\u00e9is a vuestros hijos ya crecidos y os dir\u00e9is qu\u00e9 majos son, no lo hemos hecho tan mal. Eso s\u00ed, hay que curr\u00e1rselo a pico y pala, ja, ja, ja. Eso no lo hace ni lo har\u00e1 la inteligencia artificial.<\/p>\n","protected":false},"excerpt":{"rendered":"<p>Buenas, soy Emilio Calatayud. Tranquilos padres, llegar\u00e1 un d\u00eda que mirar\u00e9is a vuestros hijos ya crecidos y os dir\u00e9is qu\u00e9 majos son, no lo hemos hecho tan mal. Eso s\u00ed, hay que curr\u00e1rselo a pico y pala, ja, ja, ja. Eso no lo hace ni lo har\u00e1 la inteligencia artificial.<\/p>\n","protected":false},"author":1,"featured_media":18975,"comment_status":"open","ping_status":"open","sticky":false,"template":"","format":"standard","meta":{"jetpack_post_was_ever_published":false,"_jetpack_newsletter_access":"","_jetpack_dont_email_post_to_subs":false,"_jetpack_newsletter_tier_id":0,"_jetpack_memberships_contains_paywalled_content":false,"_jetpack_memberships_contains_paid_content":false,"footnotes":""},"categories":[],"tags":[1,189,3958],"class_list":["post-20754","post","type-post","status-publish","format-standard","has-post-thumbnail","hentry","tag-blog","tag-hijos","tag-majos"],"jetpack_featured_media_url":"https:\/\/www.granadablogs.com\/juezcalatayud\/wp-content\/uploads\/2024\/01\/Emilio-scaled.jpg","jetpack_shortlink":"https:\/\/wp.me\/p5fzW5-5oK","jetpack-related-posts":[],"jetpack_sharing_enabled":true,"_links":{"self":[{"href":"https:\/\/www.granadablogs.com\/juezcalatayud\/wp-json\/wp\/v2\/posts\/20754","targetHints":{"allow":["GET"]}}],"collection":[{"href":"https:\/\/www.granadablogs.com\/juezcalatayud\/wp-json\/wp\/v2\/posts"}],"about":[{"href":"https:\/\/www.granadablogs.com\/juezcalatayud\/wp-json\/wp\/v2\/types\/post"}],"author":[{"embeddable":true,"href":"https:\/\/www.granadablogs.com\/juezcalatayud\/wp-json\/wp\/v2\/users\/1"}],"replies":[{"embeddable":true,"href":"https:\/\/www.granadablogs.com\/juezcalatayud\/wp-json\/wp\/v2\/comments?post=20754"}],"version-history":[{"count":3,"href":"https:\/\/www.granadablogs.com\/juezcalatayud\/wp-json\/wp\/v2\/posts\/20754\/revisions"}],"predecessor-version":[{"id":20757,"href":"https:\/\/www.granadablogs.com\/juezcalatayud\/wp-json\/wp\/v2\/posts\/20754\/revisions\/20757"}],"wp:featuredmedia":[{"embeddable":true,"href":"https:\/\/www.granadablogs.com\/juezcalatayud\/wp-json\/wp\/v2\/media\/18975"}],"wp:attachment":[{"href":"https:\/\/www.granadablogs.com\/juezcalatayud\/wp-json\/wp\/v2\/media?parent=20754"}],"wp:term":[{"taxonomy":"category","embeddable":true,"href":"https:\/\/www.granadablogs.com\/juezcalatayud\/wp-json\/wp\/v2\/categories?post=20754"},{"taxonomy":"post_tag","embeddable":true,"href":"https:\/\/www.granadablogs.com\/juezcalatayud\/wp-json\/wp\/v2\/tags?post=20754"}],"curies":[{"name":"wp","href":"https:\/\/api.w.org\/{rel}","templated":true}]}}