{"id":20743,"date":"2025-01-24T21:01:36","date_gmt":"2025-01-24T19:01:36","guid":{"rendered":"https:\/\/www.granadablogs.com\/juezcalatayud\/?p=20743"},"modified":"2025-01-24T21:01:36","modified_gmt":"2025-01-24T19:01:36","slug":"contra-la-pena-que-da-el-cierre-de-un-cole-de-pueblo-la-dicha-de-ver-un-cole-de-pueblo-que-sigue-vivo-gracias-a-ninos-inmigrantes","status":"publish","type":"post","link":"https:\/\/www.granadablogs.com\/juezcalatayud\/2025\/01\/contra-la-pena-que-da-el-cierre-de-un-cole-de-pueblo-la-dicha-de-ver-un-cole-de-pueblo-que-sigue-vivo-gracias-a-ninos-inmigrantes\/","title":{"rendered":"Contra la pena que da el cierre de un cole de pueblo, la dicha de ver un cole de pueblo que sigue vivo gracias a ni\u00f1os inmigrantes"},"content":{"rendered":"\n<p>Buenas, soy Emilio Calatayud. Voy a hacerme eco de una de esas noticias que te alegran en el d\u00eda. Leo en el Ideal de Gran\u00e1 que en Sorvil\u00e1n, una peque\u00f1a localidad de la Costa &#8216;grana\u00edna&#8217;, tienen un cole p\u00fablico que sigue abierto gracias a los ni\u00f1os inmigrantes. Adem\u00e1s de tres alumnos espa\u00f1oles, hay cuatro peque\u00f1os polacos y dos egipcios. Contra la pena que da el cierre de un cole de pueblo, la dicha de ver un cole de pueblo que sigue vivo gracias a ni\u00f1os que vienen de otras partes del mundo. Bienvenidos. <\/p>\n","protected":false},"excerpt":{"rendered":"<p>Buenas, soy Emilio Calatayud. Voy a hacerme eco de una de esas noticias que te alegran en el d\u00eda. Leo en el Ideal de Gran\u00e1 que en Sorvil\u00e1n, una peque\u00f1a localidad de la Costa &#8216;grana\u00edna&#8217;, tienen un cole p\u00fablico que sigue abierto gracias a los ni\u00f1os inmigrantes. Adem\u00e1s de tres alumnos espa\u00f1oles, hay cuatro peque\u00f1os [&hellip;]<\/p>\n","protected":false},"author":1,"featured_media":11842,"comment_status":"open","ping_status":"open","sticky":false,"template":"","format":"standard","meta":{"jetpack_post_was_ever_published":false,"_jetpack_newsletter_access":"","_jetpack_dont_email_post_to_subs":false,"_jetpack_newsletter_tier_id":0,"_jetpack_memberships_contains_paywalled_content":false,"_jetpack_memberships_contains_paid_content":false,"footnotes":""},"categories":[],"tags":[3955,1,869,1063],"class_list":["post-20743","post","type-post","status-publish","format-standard","has-post-thumbnail","hentry","tag-abierto","tag-blog","tag-cole","tag-pueblo"],"jetpack_featured_media_url":"https:\/\/www.granadablogs.com\/juezcalatayud\/wp-content\/uploads\/2019\/12\/Neu-jue.jpg","jetpack_shortlink":"https:\/\/wp.me\/p5fzW5-5oz","jetpack-related-posts":[],"jetpack_sharing_enabled":true,"_links":{"self":[{"href":"https:\/\/www.granadablogs.com\/juezcalatayud\/wp-json\/wp\/v2\/posts\/20743","targetHints":{"allow":["GET"]}}],"collection":[{"href":"https:\/\/www.granadablogs.com\/juezcalatayud\/wp-json\/wp\/v2\/posts"}],"about":[{"href":"https:\/\/www.granadablogs.com\/juezcalatayud\/wp-json\/wp\/v2\/types\/post"}],"author":[{"embeddable":true,"href":"https:\/\/www.granadablogs.com\/juezcalatayud\/wp-json\/wp\/v2\/users\/1"}],"replies":[{"embeddable":true,"href":"https:\/\/www.granadablogs.com\/juezcalatayud\/wp-json\/wp\/v2\/comments?post=20743"}],"version-history":[{"count":2,"href":"https:\/\/www.granadablogs.com\/juezcalatayud\/wp-json\/wp\/v2\/posts\/20743\/revisions"}],"predecessor-version":[{"id":20745,"href":"https:\/\/www.granadablogs.com\/juezcalatayud\/wp-json\/wp\/v2\/posts\/20743\/revisions\/20745"}],"wp:featuredmedia":[{"embeddable":true,"href":"https:\/\/www.granadablogs.com\/juezcalatayud\/wp-json\/wp\/v2\/media\/11842"}],"wp:attachment":[{"href":"https:\/\/www.granadablogs.com\/juezcalatayud\/wp-json\/wp\/v2\/media?parent=20743"}],"wp:term":[{"taxonomy":"category","embeddable":true,"href":"https:\/\/www.granadablogs.com\/juezcalatayud\/wp-json\/wp\/v2\/categories?post=20743"},{"taxonomy":"post_tag","embeddable":true,"href":"https:\/\/www.granadablogs.com\/juezcalatayud\/wp-json\/wp\/v2\/tags?post=20743"}],"curies":[{"name":"wp","href":"https:\/\/api.w.org\/{rel}","templated":true}]}}