{"id":20729,"date":"2025-01-19T21:01:38","date_gmt":"2025-01-19T19:01:38","guid":{"rendered":"https:\/\/www.granadablogs.com\/juezcalatayud\/?p=20729"},"modified":"2025-01-19T21:01:38","modified_gmt":"2025-01-19T19:01:38","slug":"estoy-en-la-mancha-mi-otra-casa-familia-viejos-amigos-y-torreznos-o-sea-en-la-gloria","status":"publish","type":"post","link":"https:\/\/www.granadablogs.com\/juezcalatayud\/2025\/01\/estoy-en-la-mancha-mi-otra-casa-familia-viejos-amigos-y-torreznos-o-sea-en-la-gloria\/","title":{"rendered":"Estoy en La Mancha, mi otra casa: familia, viejos amigos y torreznos, o sea, en la gloria"},"content":{"rendered":"\n<p>Buenas, soy Emilio Calatayud. Como orgulloso manchego del Albaic\u00edn de Gran\u00e1, estoy pasando unos d\u00edas en mi otra casa: Ciudad Real, La Mancha. Familia, viejos amigos y torreznos, o sea, que estoy en la gloria. Como dice mi paisano Jos\u00e9 Mota, si no te digo que me lo mejores, igu\u00e1lamelo, ja, ja, ja. Eso s\u00ed, fr\u00edo hace un rato. <\/p>\n","protected":false},"excerpt":{"rendered":"<p>Buenas, soy Emilio Calatayud. Como orgulloso manchego del Albaic\u00edn de Gran\u00e1, estoy pasando unos d\u00edas en mi otra casa: Ciudad Real, La Mancha. Familia, viejos amigos y torreznos, o sea, que estoy en la gloria. Como dice mi paisano Jos\u00e9 Mota, si no te digo que me lo mejores, igu\u00e1lamelo, ja, ja, ja. Eso s\u00ed, [&hellip;]<\/p>\n","protected":false},"author":1,"featured_media":8783,"comment_status":"open","ping_status":"open","sticky":false,"template":"","format":"standard","meta":{"jetpack_post_was_ever_published":false,"_jetpack_newsletter_access":"","_jetpack_dont_email_post_to_subs":false,"_jetpack_newsletter_tier_id":0,"_jetpack_memberships_contains_paywalled_content":false,"_jetpack_memberships_contains_paid_content":false,"footnotes":""},"categories":[],"tags":[1,3950,317,3951],"class_list":["post-20729","post","type-post","status-publish","format-standard","has-post-thumbnail","hentry","tag-blog","tag-ciudad-real","tag-familia","tag-torreznos"],"jetpack_featured_media_url":"https:\/\/www.granadablogs.com\/juezcalatayud\/wp-content\/uploads\/2018\/07\/cero-y-Emilio.jpg","jetpack_shortlink":"https:\/\/wp.me\/p5fzW5-5ol","jetpack-related-posts":[],"jetpack_sharing_enabled":true,"_links":{"self":[{"href":"https:\/\/www.granadablogs.com\/juezcalatayud\/wp-json\/wp\/v2\/posts\/20729","targetHints":{"allow":["GET"]}}],"collection":[{"href":"https:\/\/www.granadablogs.com\/juezcalatayud\/wp-json\/wp\/v2\/posts"}],"about":[{"href":"https:\/\/www.granadablogs.com\/juezcalatayud\/wp-json\/wp\/v2\/types\/post"}],"author":[{"embeddable":true,"href":"https:\/\/www.granadablogs.com\/juezcalatayud\/wp-json\/wp\/v2\/users\/1"}],"replies":[{"embeddable":true,"href":"https:\/\/www.granadablogs.com\/juezcalatayud\/wp-json\/wp\/v2\/comments?post=20729"}],"version-history":[{"count":1,"href":"https:\/\/www.granadablogs.com\/juezcalatayud\/wp-json\/wp\/v2\/posts\/20729\/revisions"}],"predecessor-version":[{"id":20730,"href":"https:\/\/www.granadablogs.com\/juezcalatayud\/wp-json\/wp\/v2\/posts\/20729\/revisions\/20730"}],"wp:featuredmedia":[{"embeddable":true,"href":"https:\/\/www.granadablogs.com\/juezcalatayud\/wp-json\/wp\/v2\/media\/8783"}],"wp:attachment":[{"href":"https:\/\/www.granadablogs.com\/juezcalatayud\/wp-json\/wp\/v2\/media?parent=20729"}],"wp:term":[{"taxonomy":"category","embeddable":true,"href":"https:\/\/www.granadablogs.com\/juezcalatayud\/wp-json\/wp\/v2\/categories?post=20729"},{"taxonomy":"post_tag","embeddable":true,"href":"https:\/\/www.granadablogs.com\/juezcalatayud\/wp-json\/wp\/v2\/tags?post=20729"}],"curies":[{"name":"wp","href":"https:\/\/api.w.org\/{rel}","templated":true}]}}