{"id":20725,"date":"2025-01-18T21:00:22","date_gmt":"2025-01-18T19:00:22","guid":{"rendered":"https:\/\/www.granadablogs.com\/juezcalatayud\/?p=20725"},"modified":"2025-01-18T21:00:22","modified_gmt":"2025-01-18T19:00:22","slug":"un-beso-para-marina-que-enfermo-de-cancer-con-17-anos-y-le-acaban-de-dar-el-alta-con-22","status":"publish","type":"post","link":"https:\/\/www.granadablogs.com\/juezcalatayud\/2025\/01\/un-beso-para-marina-que-enfermo-de-cancer-con-17-anos-y-le-acaban-de-dar-el-alta-con-22\/","title":{"rendered":"Un beso para Marina, que enferm\u00f3 de c\u00e1ncer con 17 a\u00f1os y le acaban de dar el alta con 22"},"content":{"rendered":"\n<p>Buenas, soy Emilio Calatayud. Una buena noticia. Marina, una amiga de una amiga, enferm\u00f3 de c\u00e1ncer cuando ten\u00eda 17 a\u00f1os y le acaban de dar el alta con 22. Un beso para ella y su familia. Gracias por alegrarnos el d\u00eda a los que tenemos c\u00e1ncer y a los que no lo tienen. Y gracias a todos los que han cuidado de Marina y a los que cuidan de todas las personas que tienen problemas de salud. Nos sentimos afortunados de que est\u00e9is ah\u00ed. <\/p>\n","protected":false},"excerpt":{"rendered":"<p>Buenas, soy Emilio Calatayud. Una buena noticia. Marina, una amiga de una amiga, enferm\u00f3 de c\u00e1ncer cuando ten\u00eda 17 a\u00f1os y le acaban de dar el alta con 22. Un beso para ella y su familia. Gracias por alegrarnos el d\u00eda a los que tenemos c\u00e1ncer y a los que no lo tienen. Y gracias [&hellip;]<\/p>\n","protected":false},"author":1,"featured_media":11139,"comment_status":"open","ping_status":"open","sticky":false,"template":"","format":"standard","meta":{"jetpack_post_was_ever_published":false,"_jetpack_newsletter_access":"","_jetpack_dont_email_post_to_subs":false,"_jetpack_newsletter_tier_id":0,"_jetpack_memberships_contains_paywalled_content":false,"_jetpack_memberships_contains_paid_content":false,"footnotes":""},"categories":[],"tags":[3949,1,75,830],"class_list":["post-20725","post","type-post","status-publish","format-standard","has-post-thumbnail","hentry","tag-alta","tag-blog","tag-cancer","tag-marina"],"jetpack_featured_media_url":"https:\/\/www.granadablogs.com\/juezcalatayud\/wp-content\/uploads\/2019\/08\/Emil-descanso.jpg","jetpack_shortlink":"https:\/\/wp.me\/p5fzW5-5oh","jetpack-related-posts":[],"jetpack_sharing_enabled":true,"_links":{"self":[{"href":"https:\/\/www.granadablogs.com\/juezcalatayud\/wp-json\/wp\/v2\/posts\/20725","targetHints":{"allow":["GET"]}}],"collection":[{"href":"https:\/\/www.granadablogs.com\/juezcalatayud\/wp-json\/wp\/v2\/posts"}],"about":[{"href":"https:\/\/www.granadablogs.com\/juezcalatayud\/wp-json\/wp\/v2\/types\/post"}],"author":[{"embeddable":true,"href":"https:\/\/www.granadablogs.com\/juezcalatayud\/wp-json\/wp\/v2\/users\/1"}],"replies":[{"embeddable":true,"href":"https:\/\/www.granadablogs.com\/juezcalatayud\/wp-json\/wp\/v2\/comments?post=20725"}],"version-history":[{"count":3,"href":"https:\/\/www.granadablogs.com\/juezcalatayud\/wp-json\/wp\/v2\/posts\/20725\/revisions"}],"predecessor-version":[{"id":20728,"href":"https:\/\/www.granadablogs.com\/juezcalatayud\/wp-json\/wp\/v2\/posts\/20725\/revisions\/20728"}],"wp:featuredmedia":[{"embeddable":true,"href":"https:\/\/www.granadablogs.com\/juezcalatayud\/wp-json\/wp\/v2\/media\/11139"}],"wp:attachment":[{"href":"https:\/\/www.granadablogs.com\/juezcalatayud\/wp-json\/wp\/v2\/media?parent=20725"}],"wp:term":[{"taxonomy":"category","embeddable":true,"href":"https:\/\/www.granadablogs.com\/juezcalatayud\/wp-json\/wp\/v2\/categories?post=20725"},{"taxonomy":"post_tag","embeddable":true,"href":"https:\/\/www.granadablogs.com\/juezcalatayud\/wp-json\/wp\/v2\/tags?post=20725"}],"curies":[{"name":"wp","href":"https:\/\/api.w.org\/{rel}","templated":true}]}}