{"id":20699,"date":"2025-01-10T21:03:35","date_gmt":"2025-01-10T19:03:35","guid":{"rendered":"https:\/\/www.granadablogs.com\/juezcalatayud\/?p=20699"},"modified":"2025-01-10T21:03:35","modified_gmt":"2025-01-10T19:03:35","slug":"la-prohibicion-de-los-moviles-en-las-aulas-reduce-el-acoso-cuanto-dolor-ha-costado-tenerlo-claro","status":"publish","type":"post","link":"https:\/\/www.granadablogs.com\/juezcalatayud\/2025\/01\/la-prohibicion-de-los-moviles-en-las-aulas-reduce-el-acoso-cuanto-dolor-ha-costado-tenerlo-claro\/","title":{"rendered":"La prohibici\u00f3n de los m\u00f3viles en las aulas reduce el acoso; \u00a1cu\u00e1nto dolor ha costado tenerlo claro!"},"content":{"rendered":"\n<p>Buenas, soy Emilio Calatayud. Veo en el Telediario que la prohibici\u00f3n de los m\u00f3viles en las aulas de los centros educativos de Murcia ha ayudado a reducir el acoso escolar y el ciberacoso en un 73% y los actos violentos, en m\u00e1s de un 30%. \u00a1Cu\u00e1nto dolor ha costado que lo tuvi\u00e9ramos claro! Pero m\u00e1s vale tarde que nunca. <\/p>\n\n\n\n<p><\/p>\n","protected":false},"excerpt":{"rendered":"<p>Buenas, soy Emilio Calatayud. Veo en el Telediario que la prohibici\u00f3n de los m\u00f3viles en las aulas de los centros educativos de Murcia ha ayudado a reducir el acoso escolar y el ciberacoso en un 73% y los actos violentos, en m\u00e1s de un 30%. \u00a1Cu\u00e1nto dolor ha costado que lo tuvi\u00e9ramos claro! Pero m\u00e1s [&hellip;]<\/p>\n","protected":false},"author":1,"featured_media":11842,"comment_status":"open","ping_status":"open","sticky":false,"template":"","format":"standard","meta":{"jetpack_post_was_ever_published":false,"_jetpack_newsletter_access":"","_jetpack_dont_email_post_to_subs":false,"_jetpack_newsletter_tier_id":0,"_jetpack_memberships_contains_paywalled_content":false,"_jetpack_memberships_contains_paid_content":false,"footnotes":""},"categories":[],"tags":[97,1,89,237],"class_list":["post-20699","post","type-post","status-publish","format-standard","has-post-thumbnail","hentry","tag-acoso","tag-blog","tag-escuela","tag-moviles"],"jetpack_featured_media_url":"https:\/\/www.granadablogs.com\/juezcalatayud\/wp-content\/uploads\/2019\/12\/Neu-jue.jpg","jetpack_shortlink":"https:\/\/wp.me\/p5fzW5-5nR","jetpack-related-posts":[],"jetpack_sharing_enabled":true,"_links":{"self":[{"href":"https:\/\/www.granadablogs.com\/juezcalatayud\/wp-json\/wp\/v2\/posts\/20699","targetHints":{"allow":["GET"]}}],"collection":[{"href":"https:\/\/www.granadablogs.com\/juezcalatayud\/wp-json\/wp\/v2\/posts"}],"about":[{"href":"https:\/\/www.granadablogs.com\/juezcalatayud\/wp-json\/wp\/v2\/types\/post"}],"author":[{"embeddable":true,"href":"https:\/\/www.granadablogs.com\/juezcalatayud\/wp-json\/wp\/v2\/users\/1"}],"replies":[{"embeddable":true,"href":"https:\/\/www.granadablogs.com\/juezcalatayud\/wp-json\/wp\/v2\/comments?post=20699"}],"version-history":[{"count":3,"href":"https:\/\/www.granadablogs.com\/juezcalatayud\/wp-json\/wp\/v2\/posts\/20699\/revisions"}],"predecessor-version":[{"id":20702,"href":"https:\/\/www.granadablogs.com\/juezcalatayud\/wp-json\/wp\/v2\/posts\/20699\/revisions\/20702"}],"wp:featuredmedia":[{"embeddable":true,"href":"https:\/\/www.granadablogs.com\/juezcalatayud\/wp-json\/wp\/v2\/media\/11842"}],"wp:attachment":[{"href":"https:\/\/www.granadablogs.com\/juezcalatayud\/wp-json\/wp\/v2\/media?parent=20699"}],"wp:term":[{"taxonomy":"category","embeddable":true,"href":"https:\/\/www.granadablogs.com\/juezcalatayud\/wp-json\/wp\/v2\/categories?post=20699"},{"taxonomy":"post_tag","embeddable":true,"href":"https:\/\/www.granadablogs.com\/juezcalatayud\/wp-json\/wp\/v2\/tags?post=20699"}],"curies":[{"name":"wp","href":"https:\/\/api.w.org\/{rel}","templated":true}]}}