{"id":20592,"date":"2024-12-20T20:59:33","date_gmt":"2024-12-20T18:59:33","guid":{"rendered":"https:\/\/www.granadablogs.com\/juezcalatayud\/?p=20592"},"modified":"2024-12-20T20:59:33","modified_gmt":"2024-12-20T18:59:33","slug":"padres-los-ninos-chicos-no-callan-y-los-ninos-adolescentes-no-hablan","status":"publish","type":"post","link":"https:\/\/www.granadablogs.com\/juezcalatayud\/2024\/12\/padres-los-ninos-chicos-no-callan-y-los-ninos-adolescentes-no-hablan\/","title":{"rendered":"Padres: los ni\u00f1os chicos no callan y los ni\u00f1os adolescentes no hablan"},"content":{"rendered":"<p>Buenas, soy Emilio Calatayud. Para ser padres hay que tener en cuenta algunas cosas. Por ejemplo: los ni\u00f1os chicos no callan, as\u00ed que olvidaros de dormir la siesta&#8230; y no digamos ya de dormir por las noches. Pero eso cambia cuando les cambia la voz, valga la redundancia. A partir de ese momento, solo sueltan alg\u00fan &#8216;s\u00ed&#8217; y alg\u00fan &#8216;no&#8217;. Es que los ni\u00f1os adolescentes no hablan. Pero tampoco te puedes echar la siesta y tampoco dormir\u00e1s tranquilo porque te la pueden liar parda, ja, ja, ja.<\/p>\n","protected":false},"excerpt":{"rendered":"<p>Buenas, soy Emilio Calatayud. Para ser padres hay que tener en cuenta algunas cosas. Por ejemplo: los ni\u00f1os chicos no callan, as\u00ed que olvidaros de dormir la siesta&#8230; y no digamos ya de dormir por las noches. Pero eso cambia cuando les cambia la voz, valga la redundancia. A partir de ese momento, solo sueltan [&hellip;]<\/p>\n","protected":false},"author":1,"featured_media":8737,"comment_status":"open","ping_status":"open","sticky":false,"template":"","format":"standard","meta":{"jetpack_post_was_ever_published":false,"_jetpack_newsletter_access":"","_jetpack_dont_email_post_to_subs":false,"_jetpack_newsletter_tier_id":0,"_jetpack_memberships_contains_paywalled_content":false,"_jetpack_memberships_contains_paid_content":false,"footnotes":""},"categories":[],"tags":[2262,1023,41],"class_list":["post-20592","post","type-post","status-publish","format-standard","has-post-thumbnail","hentry","tag-callar","tag-hablar","tag-ninos"],"jetpack_featured_media_url":"https:\/\/www.granadablogs.com\/juezcalatayud\/wp-content\/uploads\/2018\/07\/risa.jpg","jetpack_shortlink":"https:\/\/wp.me\/p5fzW5-5m8","jetpack-related-posts":[],"jetpack_sharing_enabled":true,"_links":{"self":[{"href":"https:\/\/www.granadablogs.com\/juezcalatayud\/wp-json\/wp\/v2\/posts\/20592","targetHints":{"allow":["GET"]}}],"collection":[{"href":"https:\/\/www.granadablogs.com\/juezcalatayud\/wp-json\/wp\/v2\/posts"}],"about":[{"href":"https:\/\/www.granadablogs.com\/juezcalatayud\/wp-json\/wp\/v2\/types\/post"}],"author":[{"embeddable":true,"href":"https:\/\/www.granadablogs.com\/juezcalatayud\/wp-json\/wp\/v2\/users\/1"}],"replies":[{"embeddable":true,"href":"https:\/\/www.granadablogs.com\/juezcalatayud\/wp-json\/wp\/v2\/comments?post=20592"}],"version-history":[{"count":3,"href":"https:\/\/www.granadablogs.com\/juezcalatayud\/wp-json\/wp\/v2\/posts\/20592\/revisions"}],"predecessor-version":[{"id":20595,"href":"https:\/\/www.granadablogs.com\/juezcalatayud\/wp-json\/wp\/v2\/posts\/20592\/revisions\/20595"}],"wp:featuredmedia":[{"embeddable":true,"href":"https:\/\/www.granadablogs.com\/juezcalatayud\/wp-json\/wp\/v2\/media\/8737"}],"wp:attachment":[{"href":"https:\/\/www.granadablogs.com\/juezcalatayud\/wp-json\/wp\/v2\/media?parent=20592"}],"wp:term":[{"taxonomy":"category","embeddable":true,"href":"https:\/\/www.granadablogs.com\/juezcalatayud\/wp-json\/wp\/v2\/categories?post=20592"},{"taxonomy":"post_tag","embeddable":true,"href":"https:\/\/www.granadablogs.com\/juezcalatayud\/wp-json\/wp\/v2\/tags?post=20592"}],"curies":[{"name":"wp","href":"https:\/\/api.w.org\/{rel}","templated":true}]}}