{"id":2053,"date":"2012-10-10T21:12:02","date_gmt":"2012-10-10T20:12:02","guid":{"rendered":"http:\/\/www.granadablogs.com\/juezcalatayud\/?p=2053"},"modified":"2012-10-10T21:12:02","modified_gmt":"2012-10-10T20:12:02","slug":"los-talibanes-tirotean-a-una-menor-que-luchaba-por-el-derecho-a-la-educacion-de-las-ninas-de-pakistan","status":"publish","type":"post","link":"https:\/\/www.granadablogs.com\/juezcalatayud\/2012\/10\/los-talibanes-tirotean-a-una-menor-que-luchaba-por-el-derecho-a-la-educacion-de-las-ninas-de-pakistan\/","title":{"rendered":"Los talibanes tirotean a una menor que luchaba por el derecho a la educaci\u00f3n de las ni\u00f1as de Pakist\u00e1n"},"content":{"rendered":"<p>La noticia produce escalofr\u00edos. Malala Yusufzai, una ni\u00f1a de catorce a\u00f1os que ha luchado valientemente por el derecho a la educaci\u00f3n de las mujeres y ni\u00f1as en Pakist\u00e1n, ha sufrido un atentado que a punto ha estado de costarle la vida. Ojal\u00e1 se recupere cuanto antes. Es incre\u00edble que todav\u00eda haya fan\u00e1ticos religiosos\u00a0que, en su af\u00e1n por relegar a las mujeres, cometan este tipo de atrocidades. Seg\u00fan la agencia Efe,\u00a0\u00a0la ni\u00f1a adquiri\u00f3 relevancia internacional hace tres a\u00f1os, cuando se conoci\u00f3 su identidad despu\u00e9s de explicar bajo pseud\u00f3nimo en un blog el r\u00e9gimen de terror impuesto por los talibanes en su regi\u00f3n natal del Valle de Swat, en el extremo norte de Pakist\u00e1n.<\/p>\n<p>Dos hombres detuvieron el martes el veh\u00edculo en el que viajaba, preguntaron qui\u00e9n era Malala y le dispararon, seg\u00fan relat\u00f3 hoy a la agencia Efe un responsable policial de Swat, Wazir Badsh\u00e1, quien reconoci\u00f3 que nadie ha sido a\u00fan arrestado por la agresi\u00f3n. Los talibanes reivindicaron el ataque en un extenso comunicado enviado a medios locales en el que afirmaban que \u00abMalala fue atacada por su papel pionero en la pr\u00e9dica del secularismo y de la llamada ilustraci\u00f3n moderada\u00bb.<\/p>\n","protected":false},"excerpt":{"rendered":"<p>La noticia produce escalofr\u00edos. Malala Yusufzai, una ni\u00f1a de catorce a\u00f1os que ha luchado valientemente por el derecho a la educaci\u00f3n de las mujeres y ni\u00f1as en Pakist\u00e1n, ha sufrido un atentado que a punto ha estado de costarle la vida. Ojal\u00e1 se recupere cuanto antes. Es incre\u00edble que todav\u00eda haya fan\u00e1ticos religiosos\u00a0que, en su [&hellip;]<\/p>\n","protected":false},"author":3,"featured_media":0,"comment_status":"open","ping_status":"open","sticky":false,"template":"","format":"standard","meta":{"jetpack_post_was_ever_published":false,"_jetpack_newsletter_access":"","_jetpack_dont_email_post_to_subs":false,"_jetpack_newsletter_tier_id":0,"_jetpack_memberships_contains_paywalled_content":false,"_jetpack_memberships_contains_paid_content":false,"footnotes":""},"categories":[1],"tags":[489],"class_list":["post-2053","post","type-post","status-publish","format-standard","hentry","category-blog","tag-malala-yusufzai"],"jetpack_featured_media_url":"","jetpack_shortlink":"https:\/\/wp.me\/p5fzW5-x7","jetpack-related-posts":[],"jetpack_sharing_enabled":true,"_links":{"self":[{"href":"https:\/\/www.granadablogs.com\/juezcalatayud\/wp-json\/wp\/v2\/posts\/2053","targetHints":{"allow":["GET"]}}],"collection":[{"href":"https:\/\/www.granadablogs.com\/juezcalatayud\/wp-json\/wp\/v2\/posts"}],"about":[{"href":"https:\/\/www.granadablogs.com\/juezcalatayud\/wp-json\/wp\/v2\/types\/post"}],"author":[{"embeddable":true,"href":"https:\/\/www.granadablogs.com\/juezcalatayud\/wp-json\/wp\/v2\/users\/3"}],"replies":[{"embeddable":true,"href":"https:\/\/www.granadablogs.com\/juezcalatayud\/wp-json\/wp\/v2\/comments?post=2053"}],"version-history":[{"count":2,"href":"https:\/\/www.granadablogs.com\/juezcalatayud\/wp-json\/wp\/v2\/posts\/2053\/revisions"}],"predecessor-version":[{"id":2055,"href":"https:\/\/www.granadablogs.com\/juezcalatayud\/wp-json\/wp\/v2\/posts\/2053\/revisions\/2055"}],"wp:attachment":[{"href":"https:\/\/www.granadablogs.com\/juezcalatayud\/wp-json\/wp\/v2\/media?parent=2053"}],"wp:term":[{"taxonomy":"category","embeddable":true,"href":"https:\/\/www.granadablogs.com\/juezcalatayud\/wp-json\/wp\/v2\/categories?post=2053"},{"taxonomy":"post_tag","embeddable":true,"href":"https:\/\/www.granadablogs.com\/juezcalatayud\/wp-json\/wp\/v2\/tags?post=2053"}],"curies":[{"name":"wp","href":"https:\/\/api.w.org\/{rel}","templated":true}]}}