{"id":20516,"date":"2024-12-05T21:01:35","date_gmt":"2024-12-05T19:01:35","guid":{"rendered":"https:\/\/www.granadablogs.com\/juezcalatayud\/?p=20516"},"modified":"2024-12-05T21:01:35","modified_gmt":"2024-12-05T19:01:35","slug":"el-movil-viejo-para-los-ninos-y-el-nuevo-para-los-padres-y-no-al-reves-lo-dicen-ahora-los-expertos-y-yo-desde-hace-15-anos","status":"publish","type":"post","link":"https:\/\/www.granadablogs.com\/juezcalatayud\/2024\/12\/el-movil-viejo-para-los-ninos-y-el-nuevo-para-los-padres-y-no-al-reves-lo-dicen-ahora-los-expertos-y-yo-desde-hace-15-anos\/","title":{"rendered":"El m\u00f3vil viejo para los ni\u00f1os y el nuevo, para los padres, y no al rev\u00e9s (lo dicen ahora los expertos y yo desde hace 15 a\u00f1os)"},"content":{"rendered":"<p>Buenas, soy Emilio Calatayud. Los expertos que aconsejan al Gobierno han llegado ahora a la conclusi\u00f3n, y me alegro, de que los ni\u00f1os no deben tener un m\u00f3vil con conexi\u00f3n a internet hasta los 16 a\u00f1os, es decir, que les basta y les sobra con un telefonillo de los antiguos que solo serv\u00edan para llamar.<\/p>\n<p>En 2009, hace 15 a\u00f1os, hice en este mismo blog el siguiente comentario: \u00abTambi\u00e9n digo siempre que el m\u00f3vil viejo tiene que ser para el ni\u00f1o, y no lo que sucede ahora: que le compramos el bueno, el que m\u00e1s adelantos tiene, a la criatura y nosotros nos quedamos con el que est\u00e1 desfasado. Yo a mis hijos les doy los viejos y el que est\u00e1 a la \u00faltima, para mi\u00bb.<\/p>\n<p>Aqu\u00ed os dejo aquel comentario.<\/p>\n<blockquote class=\"wp-embedded-content\" data-secret=\"P3mFxwu0dI\"><p><a href=\"https:\/\/www.granadablogs.com\/juezcalatayud\/2009\/04\/el-movil-viejo-para-el-nino\/\">El m\u00f3vil viejo&#8230; para el ni\u00f1o<\/a><\/p><\/blockquote>\n<p><iframe loading=\"lazy\" class=\"wp-embedded-content\" sandbox=\"allow-scripts\" security=\"restricted\" style=\"position: absolute; visibility: hidden;\" title=\"\u00abEl m\u00f3vil viejo&#8230; para el ni\u00f1o\u00bb \u2014 Emilio Calatayud\" src=\"https:\/\/www.granadablogs.com\/juezcalatayud\/2009\/04\/el-movil-viejo-para-el-nino\/embed\/#?secret=9v7wgif5Wg#?secret=P3mFxwu0dI\" data-secret=\"P3mFxwu0dI\" width=\"500\" height=\"282\" frameborder=\"0\" marginwidth=\"0\" marginheight=\"0\" scrolling=\"no\"><\/iframe><\/p>\n<p>Si quer\u00e9is suscribiros al blog de don Emilio lo pod\u00e9is hacer en la direcci\u00f3n que va ah\u00ed abajo y sus comentarios os llegar\u00e1n directamente.<\/p>\n<p><a href=\"https:\/\/www.granadablogs.com\/juezcalatayud\/2024\/03\/hay-chavales-que-solo-se-quieren-a-si-mismos-y-otros-que-no-se-quieren-nada-y-buscan-el-carino-en-las-redes\/?fbclid=IwAR2wwxCEIsrYcv2cQs0G6B8JQUHbFsVNU97_BWfeQFQM2IK0O95XwCD6Ro8#suscribete\">Haz clic aqu\u00ed y rellena el campo con tu email<\/a><\/p>\n","protected":false},"excerpt":{"rendered":"<p>Buenas, soy Emilio Calatayud. Los expertos que aconsejan al Gobierno han llegado ahora a la conclusi\u00f3n, y me alegro, de que los ni\u00f1os no deben tener un m\u00f3vil con conexi\u00f3n a internet hasta los 16 a\u00f1os, es decir, que les basta y les sobra con un telefonillo de los antiguos que solo serv\u00edan para llamar. [&hellip;]<\/p>\n","protected":false},"author":1,"featured_media":19565,"comment_status":"open","ping_status":"open","sticky":false,"template":"","format":"standard","meta":{"jetpack_post_was_ever_published":false,"_jetpack_newsletter_access":"","_jetpack_dont_email_post_to_subs":false,"_jetpack_newsletter_tier_id":0,"_jetpack_memberships_contains_paywalled_content":false,"_jetpack_memberships_contains_paid_content":false,"footnotes":""},"categories":[],"tags":[663,41,90],"class_list":["post-20516","post","type-post","status-publish","format-standard","has-post-thumbnail","hentry","tag-movil","tag-ninos","tag-padres"],"jetpack_featured_media_url":"https:\/\/www.granadablogs.com\/juezcalatayud\/wp-content\/uploads\/2024\/05\/Emil-cuatro.jpg","jetpack_shortlink":"https:\/\/wp.me\/p5fzW5-5kU","jetpack-related-posts":[],"jetpack_sharing_enabled":true,"_links":{"self":[{"href":"https:\/\/www.granadablogs.com\/juezcalatayud\/wp-json\/wp\/v2\/posts\/20516","targetHints":{"allow":["GET"]}}],"collection":[{"href":"https:\/\/www.granadablogs.com\/juezcalatayud\/wp-json\/wp\/v2\/posts"}],"about":[{"href":"https:\/\/www.granadablogs.com\/juezcalatayud\/wp-json\/wp\/v2\/types\/post"}],"author":[{"embeddable":true,"href":"https:\/\/www.granadablogs.com\/juezcalatayud\/wp-json\/wp\/v2\/users\/1"}],"replies":[{"embeddable":true,"href":"https:\/\/www.granadablogs.com\/juezcalatayud\/wp-json\/wp\/v2\/comments?post=20516"}],"version-history":[{"count":4,"href":"https:\/\/www.granadablogs.com\/juezcalatayud\/wp-json\/wp\/v2\/posts\/20516\/revisions"}],"predecessor-version":[{"id":20520,"href":"https:\/\/www.granadablogs.com\/juezcalatayud\/wp-json\/wp\/v2\/posts\/20516\/revisions\/20520"}],"wp:featuredmedia":[{"embeddable":true,"href":"https:\/\/www.granadablogs.com\/juezcalatayud\/wp-json\/wp\/v2\/media\/19565"}],"wp:attachment":[{"href":"https:\/\/www.granadablogs.com\/juezcalatayud\/wp-json\/wp\/v2\/media?parent=20516"}],"wp:term":[{"taxonomy":"category","embeddable":true,"href":"https:\/\/www.granadablogs.com\/juezcalatayud\/wp-json\/wp\/v2\/categories?post=20516"},{"taxonomy":"post_tag","embeddable":true,"href":"https:\/\/www.granadablogs.com\/juezcalatayud\/wp-json\/wp\/v2\/tags?post=20516"}],"curies":[{"name":"wp","href":"https:\/\/api.w.org\/{rel}","templated":true}]}}