{"id":205,"date":"2009-05-01T20:25:35","date_gmt":"2009-05-01T19:25:35","guid":{"rendered":"http:\/\/www.granadablogs.com\/juezcalatayud\/2009\/05\/no-soy-gandhi-%c2%a1por-dios\/"},"modified":"2009-05-01T20:34:11","modified_gmt":"2009-05-01T19:34:11","slug":"no-soy-gandhi-%c2%a1por-dios","status":"publish","type":"post","link":"https:\/\/www.granadablogs.com\/juezcalatayud\/2009\/05\/no-soy-gandhi-%c2%a1por-dios\/","title":{"rendered":"No soy Gandhi, \u00a1por Dios!"},"content":{"rendered":"<p>Buenas, soy Emilio Calatayud. Estoy sorprendido y\u00a0 nos sentimos muy honrados por la cantidad de gente que se acerca al blog desde Argentina. Internet tendr\u00e1 sus defectos, que los tiene, pero tambi\u00e9n ventajas. \u00c9sta es una de ellas: que podamos dialogar gentes de distintos pa\u00edses e intercambiar opiniones para que aprendamos unos de otros. En cuanto a los elogios, s\u00f3lo me queda agradecerlos. Espero que al final pueda viajar a Argentina y dar una charla all\u00ed: podr\u00eda ser en julio, pero a\u00fan hay que atar unas cuantas cosas. Por cierto un amabil\u00edsimo comentarista y ex polic\u00eda de Tucum\u00e1n, Argentina, dice que la charla famosa de Youtube le recuerda a las cosas que dec\u00eda Gandhi. No, \u00a1por Dios! \u00a1Qu\u00e9 m\u00e1s quisiera que parecerme s\u00f3lo un poquito a ese gran hombre! Soy una persona normal, creame. Es m\u00e1s, quiero seguir si\u00e9ndolo. Llevo una vida totalmente sencilla: trabajo, hago &#8216;los mandaos&#8217;\u00a0 para\u00a0la casa, doy alguna conferencia, hablo con mis hijos, salgo a tomarme una ca\u00f1a con mi mujer&#8230; Lo que pasa es que los medios han creado un personaje: ellos tiene buena parte de la culpa. Se ve que les he ca\u00eddo bien. Lo dem\u00e1s, sentido com\u00fan, y ya est\u00e1.<\/p>\n<p>De todas formas, gracias amigos argentinos. De coraz\u00f3n.<\/p>\n<p>Por cierto, Carlos escrib\u00eda sobre la gripe y da la casualidad de que esta semana pasada ha venido a conocer el juzgado y nuestra forma de trabajar un jesuita espa\u00f1ol, pero que vive en M\u00e9xico desde los cuatro a\u00f1os. Asisti\u00f3 a varios juicios y parece que le gust\u00f3. Ojal\u00e1 le sirva para la labor social que desarrolla en M\u00e9xico. Vino con gente de la Zona Norte de Granada, que son los barrios con m\u00e1s problemas de todo tipo de la ciudad. Fue una visita grata. Aprendimos todos. Gracias, de nuevo. Y un saludo muy especial para la gente del otro lado del Charco.<\/p>\n","protected":false},"excerpt":{"rendered":"<p>Buenas, soy Emilio Calatayud. Estoy sorprendido y\u00a0 nos sentimos muy honrados por la cantidad de gente que se acerca al blog desde Argentina. Internet tendr\u00e1 sus defectos, que los tiene, pero tambi\u00e9n ventajas. \u00c9sta es una de ellas: que podamos dialogar gentes de distintos pa\u00edses e intercambiar opiniones para que aprendamos unos de otros. En [&hellip;]<\/p>\n","protected":false},"author":2,"featured_media":0,"comment_status":"open","ping_status":"open","sticky":false,"template":"","format":"standard","meta":{"jetpack_post_was_ever_published":false,"_jetpack_newsletter_access":"","_jetpack_dont_email_post_to_subs":false,"_jetpack_newsletter_tier_id":0,"_jetpack_memberships_contains_paywalled_content":false,"_jetpack_memberships_contains_paid_content":false,"footnotes":""},"categories":[1],"tags":[],"class_list":["post-205","post","type-post","status-publish","format-standard","hentry","category-blog"],"jetpack_featured_media_url":"","jetpack_shortlink":"https:\/\/wp.me\/p5fzW5-3j","jetpack-related-posts":[],"jetpack_sharing_enabled":true,"_links":{"self":[{"href":"https:\/\/www.granadablogs.com\/juezcalatayud\/wp-json\/wp\/v2\/posts\/205","targetHints":{"allow":["GET"]}}],"collection":[{"href":"https:\/\/www.granadablogs.com\/juezcalatayud\/wp-json\/wp\/v2\/posts"}],"about":[{"href":"https:\/\/www.granadablogs.com\/juezcalatayud\/wp-json\/wp\/v2\/types\/post"}],"author":[{"embeddable":true,"href":"https:\/\/www.granadablogs.com\/juezcalatayud\/wp-json\/wp\/v2\/users\/2"}],"replies":[{"embeddable":true,"href":"https:\/\/www.granadablogs.com\/juezcalatayud\/wp-json\/wp\/v2\/comments?post=205"}],"version-history":[{"count":3,"href":"https:\/\/www.granadablogs.com\/juezcalatayud\/wp-json\/wp\/v2\/posts\/205\/revisions"}],"predecessor-version":[{"id":206,"href":"https:\/\/www.granadablogs.com\/juezcalatayud\/wp-json\/wp\/v2\/posts\/205\/revisions\/206"}],"wp:attachment":[{"href":"https:\/\/www.granadablogs.com\/juezcalatayud\/wp-json\/wp\/v2\/media?parent=205"}],"wp:term":[{"taxonomy":"category","embeddable":true,"href":"https:\/\/www.granadablogs.com\/juezcalatayud\/wp-json\/wp\/v2\/categories?post=205"},{"taxonomy":"post_tag","embeddable":true,"href":"https:\/\/www.granadablogs.com\/juezcalatayud\/wp-json\/wp\/v2\/tags?post=205"}],"curies":[{"name":"wp","href":"https:\/\/api.w.org\/{rel}","templated":true}]}}