{"id":20478,"date":"2024-11-26T18:38:31","date_gmt":"2024-11-26T16:38:31","guid":{"rendered":"https:\/\/www.granadablogs.com\/juezcalatayud\/?p=20478"},"modified":"2024-11-26T21:29:38","modified_gmt":"2024-11-26T19:29:38","slug":"si-fuera-nino-de-mayor-querria-ser-como-los-mozos-de-arousa-o-como-los-alhambraos-de-grana","status":"publish","type":"post","link":"https:\/\/www.granadablogs.com\/juezcalatayud\/2024\/11\/si-fuera-nino-de-mayor-querria-ser-como-los-mozos-de-arousa-o-como-los-alhambraos-de-grana\/","title":{"rendered":"Si fuera ni\u00f1o, de mayor querr\u00eda ser como los &#8216;Mozos de Arousa&#8217; o como los &#8216;Alhambraos&#8217; de Gran\u00e1"},"content":{"rendered":"<p>Buenas, soy Emilio Calatayud&#8230; y Miguelito, mi canario. Si fuera ni\u00f1o de nuevo, de mayor querr\u00eda ser como los televisivos &#8216;Mozos de Arousa&#8217; o como los &#8216;Alhambraos&#8217; de Gran\u00e1, que han logrado eliminar a los gallegos tras casi dos a\u00f1os de reinado en el programa &#8216;Reacci\u00f3n en cadena&#8217;, de Tele 5.<\/p>\n<p>De parte de mi canario Miguelito y un servidor, hasta siempre a Ra\u00fal, Borjamina y Bruno por los buenos ratos que nos hab\u00e9is hecho pasar y bienvenidos a los paisanos David, Bego\u00f1a y Gustavo.<\/p>\n<p>&nbsp;<\/p>\n<p>Si quer\u00e9is suscribiros al blog de don Emilio lo pod\u00e9is hacer en la direcci\u00f3n que va ah\u00ed abajo y sus comentarios os llegar\u00e1n directamente.<\/p>\n<p><a href=\"https:\/\/www.granadablogs.com\/juezcalatayud\/2024\/03\/hay-chavales-que-solo-se-quieren-a-si-mismos-y-otros-que-no-se-quieren-nada-y-buscan-el-carino-en-las-redes\/?fbclid=IwAR2wwxCEIsrYcv2cQs0G6B8JQUHbFsVNU97_BWfeQFQM2IK0O95XwCD6Ro8#suscribete\">Haz clic aqu\u00ed y rellena el campo con tu email<\/a><\/p>\n<p>&nbsp;<\/p>\n","protected":false},"excerpt":{"rendered":"<p>Buenas, soy Emilio Calatayud&#8230; y Miguelito, mi canario. Si fuera ni\u00f1o de nuevo, de mayor querr\u00eda ser como los televisivos &#8216;Mozos de Arousa&#8217; o como los &#8216;Alhambraos&#8217; de Gran\u00e1, que han logrado eliminar a los gallegos tras casi dos a\u00f1os de reinado en el programa &#8216;Reacci\u00f3n en cadena&#8217;, de Tele 5. De parte de mi [&hellip;]<\/p>\n","protected":false},"author":1,"featured_media":19564,"comment_status":"open","ping_status":"open","sticky":false,"template":"","format":"standard","meta":{"jetpack_post_was_ever_published":false,"_jetpack_newsletter_access":"","_jetpack_dont_email_post_to_subs":false,"_jetpack_newsletter_tier_id":0,"_jetpack_memberships_contains_paywalled_content":false,"_jetpack_memberships_contains_paid_content":false,"footnotes":""},"categories":[],"tags":[3725,635,3724],"class_list":["post-20478","post","type-post","status-publish","format-standard","has-post-thumbnail","hentry","tag-arousa","tag-de","tag-mozos"],"jetpack_featured_media_url":"https:\/\/www.granadablogs.com\/juezcalatayud\/wp-content\/uploads\/2024\/05\/Emil-1-scaled.jpg","jetpack_shortlink":"https:\/\/wp.me\/p5fzW5-5ki","jetpack-related-posts":[],"jetpack_sharing_enabled":true,"_links":{"self":[{"href":"https:\/\/www.granadablogs.com\/juezcalatayud\/wp-json\/wp\/v2\/posts\/20478","targetHints":{"allow":["GET"]}}],"collection":[{"href":"https:\/\/www.granadablogs.com\/juezcalatayud\/wp-json\/wp\/v2\/posts"}],"about":[{"href":"https:\/\/www.granadablogs.com\/juezcalatayud\/wp-json\/wp\/v2\/types\/post"}],"author":[{"embeddable":true,"href":"https:\/\/www.granadablogs.com\/juezcalatayud\/wp-json\/wp\/v2\/users\/1"}],"replies":[{"embeddable":true,"href":"https:\/\/www.granadablogs.com\/juezcalatayud\/wp-json\/wp\/v2\/comments?post=20478"}],"version-history":[{"count":3,"href":"https:\/\/www.granadablogs.com\/juezcalatayud\/wp-json\/wp\/v2\/posts\/20478\/revisions"}],"predecessor-version":[{"id":20481,"href":"https:\/\/www.granadablogs.com\/juezcalatayud\/wp-json\/wp\/v2\/posts\/20478\/revisions\/20481"}],"wp:featuredmedia":[{"embeddable":true,"href":"https:\/\/www.granadablogs.com\/juezcalatayud\/wp-json\/wp\/v2\/media\/19564"}],"wp:attachment":[{"href":"https:\/\/www.granadablogs.com\/juezcalatayud\/wp-json\/wp\/v2\/media?parent=20478"}],"wp:term":[{"taxonomy":"category","embeddable":true,"href":"https:\/\/www.granadablogs.com\/juezcalatayud\/wp-json\/wp\/v2\/categories?post=20478"},{"taxonomy":"post_tag","embeddable":true,"href":"https:\/\/www.granadablogs.com\/juezcalatayud\/wp-json\/wp\/v2\/tags?post=20478"}],"curies":[{"name":"wp","href":"https:\/\/api.w.org\/{rel}","templated":true}]}}