{"id":20472,"date":"2024-11-24T21:03:21","date_gmt":"2024-11-24T19:03:21","guid":{"rendered":"https:\/\/www.granadablogs.com\/juezcalatayud\/?p=20472"},"modified":"2024-11-24T21:03:21","modified_gmt":"2024-11-24T19:03:21","slug":"padres-violentos-en-partidos-de-futbol-de-ninos-de-diez-anos-en-granada-bastante-bien-salen-algunos-ninos-con-los-padres-que-tienen","status":"publish","type":"post","link":"https:\/\/www.granadablogs.com\/juezcalatayud\/2024\/11\/padres-violentos-en-partidos-de-futbol-de-ninos-de-diez-anos-en-granada-bastante-bien-salen-algunos-ninos-con-los-padres-que-tienen\/","title":{"rendered":"Padres violentos en partidos de f\u00fatbol de ni\u00f1os de diez a\u00f1os en Granada, bastante bien salen algunos ni\u00f1os con los padres que tienen"},"content":{"rendered":"<p>Buenas, soy Emilio Calatayud. Leo en Ideal que una madre de Granada (presuntamente) agredi\u00f3 al \u00e1rbitro durante un partido entre ni\u00f1os de diez a\u00f1os. Fue este pasado s\u00e1bado. Y el viernes, un padre (presuntamente) agredi\u00f3 al entrenador de su hijo porque no lo sacaba a jugar durante un partido de ni\u00f1os de diez a\u00f1os.\u00a0 Estas cosas s\u00ed que traumatizan a los ni\u00f1os. Bastante bien salen algunos chiquillos con los padres que tienen.<\/p>\n","protected":false},"excerpt":{"rendered":"<p>Buenas, soy Emilio Calatayud. Leo en Ideal que una madre de Granada (presuntamente) agredi\u00f3 al \u00e1rbitro durante un partido entre ni\u00f1os de diez a\u00f1os. Fue este pasado s\u00e1bado. Y el viernes, un padre (presuntamente) agredi\u00f3 al entrenador de su hijo porque no lo sacaba a jugar durante un partido de ni\u00f1os de diez a\u00f1os.\u00a0 Estas [&hellip;]<\/p>\n","protected":false},"author":1,"featured_media":16706,"comment_status":"open","ping_status":"open","sticky":false,"template":"","format":"standard","meta":{"jetpack_post_was_ever_published":false,"_jetpack_newsletter_access":"","_jetpack_dont_email_post_to_subs":false,"_jetpack_newsletter_tier_id":0,"_jetpack_memberships_contains_paywalled_content":false,"_jetpack_memberships_contains_paid_content":false,"footnotes":""},"categories":[],"tags":[878,41,186],"class_list":["post-20472","post","type-post","status-publish","format-standard","has-post-thumbnail","hentry","tag-futbol","tag-ninos","tag-violencia"],"jetpack_featured_media_url":"https:\/\/www.granadablogs.com\/juezcalatayud\/wp-content\/uploads\/2022\/09\/Corbata.jpg","jetpack_shortlink":"https:\/\/wp.me\/p5fzW5-5kc","jetpack-related-posts":[],"jetpack_sharing_enabled":true,"_links":{"self":[{"href":"https:\/\/www.granadablogs.com\/juezcalatayud\/wp-json\/wp\/v2\/posts\/20472","targetHints":{"allow":["GET"]}}],"collection":[{"href":"https:\/\/www.granadablogs.com\/juezcalatayud\/wp-json\/wp\/v2\/posts"}],"about":[{"href":"https:\/\/www.granadablogs.com\/juezcalatayud\/wp-json\/wp\/v2\/types\/post"}],"author":[{"embeddable":true,"href":"https:\/\/www.granadablogs.com\/juezcalatayud\/wp-json\/wp\/v2\/users\/1"}],"replies":[{"embeddable":true,"href":"https:\/\/www.granadablogs.com\/juezcalatayud\/wp-json\/wp\/v2\/comments?post=20472"}],"version-history":[{"count":2,"href":"https:\/\/www.granadablogs.com\/juezcalatayud\/wp-json\/wp\/v2\/posts\/20472\/revisions"}],"predecessor-version":[{"id":20474,"href":"https:\/\/www.granadablogs.com\/juezcalatayud\/wp-json\/wp\/v2\/posts\/20472\/revisions\/20474"}],"wp:featuredmedia":[{"embeddable":true,"href":"https:\/\/www.granadablogs.com\/juezcalatayud\/wp-json\/wp\/v2\/media\/16706"}],"wp:attachment":[{"href":"https:\/\/www.granadablogs.com\/juezcalatayud\/wp-json\/wp\/v2\/media?parent=20472"}],"wp:term":[{"taxonomy":"category","embeddable":true,"href":"https:\/\/www.granadablogs.com\/juezcalatayud\/wp-json\/wp\/v2\/categories?post=20472"},{"taxonomy":"post_tag","embeddable":true,"href":"https:\/\/www.granadablogs.com\/juezcalatayud\/wp-json\/wp\/v2\/tags?post=20472"}],"curies":[{"name":"wp","href":"https:\/\/api.w.org\/{rel}","templated":true}]}}