{"id":20442,"date":"2024-11-15T20:59:05","date_gmt":"2024-11-15T18:59:05","guid":{"rendered":"https:\/\/www.granadablogs.com\/juezcalatayud\/?p=20442"},"modified":"2024-11-15T21:04:35","modified_gmt":"2024-11-15T19:04:35","slug":"la-edad-para-que-los-hijos-se-hagan-un-tatuaje-es-cuando-puedan-pagarselo-como-el-movil","status":"publish","type":"post","link":"https:\/\/www.granadablogs.com\/juezcalatayud\/2024\/11\/la-edad-para-que-los-hijos-se-hagan-un-tatuaje-es-cuando-puedan-pagarselo-como-el-movil\/","title":{"rendered":"La edad para que los hijos se hagan un tatuaje es cuando puedan pag\u00e1rselo, como el m\u00f3vil"},"content":{"rendered":"<p>Buenas, soy Emilio Calatayud. Me lo preguntan mucho: \u00bfCu\u00e1l es la edad para que los hijos se hagan un tatuaje? En mi opini\u00f3n particular de ciudadano: ninguna. No soy partidario. En cualquier caso, creo que deber\u00eda ser cuando puedan pag\u00e1rselo, como los tel\u00e9fonos m\u00f3viles.<\/p>\n<p>No obstante, los que quieran tatuarse deben saber que han de firmar un documento de consentimiento informado y, en el caso de los menores de 16 a\u00f1os, deben contar adem\u00e1s\u00a0 con el consentimiento por escrito de los padres o tutores.<\/p>\n<p>&nbsp;<\/p>\n<p>&nbsp;<\/p>\n<p>Si quer\u00e9is suscribiros al blog de don Emilio lo pod\u00e9is hacer en la direcci\u00f3n que va ah\u00ed abajo y sus comentarios os llegar\u00e1n directamente.<\/p>\n<p><a href=\"https:\/\/www.granadablogs.com\/juezcalatayud\/2024\/03\/hay-chavales-que-solo-se-quieren-a-si-mismos-y-otros-que-no-se-quieren-nada-y-buscan-el-carino-en-las-redes\/?fbclid=IwAR2wwxCEIsrYcv2cQs0G6B8JQUHbFsVNU97_BWfeQFQM2IK0O95XwCD6Ro8#suscribete\">Haz clic aqu\u00ed y rellena el campo con tu email<\/a><\/p>\n<p>&nbsp;<\/p>\n<p>&nbsp;<\/p>\n","protected":false},"excerpt":{"rendered":"<p>Buenas, soy Emilio Calatayud. Me lo preguntan mucho: \u00bfCu\u00e1l es la edad para que los hijos se hagan un tatuaje? En mi opini\u00f3n particular de ciudadano: ninguna. No soy partidario. En cualquier caso, creo que deber\u00eda ser cuando puedan pag\u00e1rselo, como los tel\u00e9fonos m\u00f3viles. No obstante, los que quieran tatuarse deben saber que han de [&hellip;]<\/p>\n","protected":false},"author":1,"featured_media":19567,"comment_status":"open","ping_status":"open","sticky":false,"template":"","format":"standard","meta":{"jetpack_post_was_ever_published":false,"_jetpack_newsletter_access":"","_jetpack_dont_email_post_to_subs":false,"_jetpack_newsletter_tier_id":0,"_jetpack_memberships_contains_paywalled_content":false,"_jetpack_memberships_contains_paid_content":false,"footnotes":""},"categories":[],"tags":[497,189,3567],"class_list":["post-20442","post","type-post","status-publish","format-standard","has-post-thumbnail","hentry","tag-edad","tag-hijos","tag-tatuajes"],"jetpack_featured_media_url":"https:\/\/www.granadablogs.com\/juezcalatayud\/wp-content\/uploads\/2024\/05\/Emil-tres-scaled.jpg","jetpack_shortlink":"https:\/\/wp.me\/p5fzW5-5jI","jetpack-related-posts":[],"jetpack_sharing_enabled":true,"_links":{"self":[{"href":"https:\/\/www.granadablogs.com\/juezcalatayud\/wp-json\/wp\/v2\/posts\/20442","targetHints":{"allow":["GET"]}}],"collection":[{"href":"https:\/\/www.granadablogs.com\/juezcalatayud\/wp-json\/wp\/v2\/posts"}],"about":[{"href":"https:\/\/www.granadablogs.com\/juezcalatayud\/wp-json\/wp\/v2\/types\/post"}],"author":[{"embeddable":true,"href":"https:\/\/www.granadablogs.com\/juezcalatayud\/wp-json\/wp\/v2\/users\/1"}],"replies":[{"embeddable":true,"href":"https:\/\/www.granadablogs.com\/juezcalatayud\/wp-json\/wp\/v2\/comments?post=20442"}],"version-history":[{"count":3,"href":"https:\/\/www.granadablogs.com\/juezcalatayud\/wp-json\/wp\/v2\/posts\/20442\/revisions"}],"predecessor-version":[{"id":20445,"href":"https:\/\/www.granadablogs.com\/juezcalatayud\/wp-json\/wp\/v2\/posts\/20442\/revisions\/20445"}],"wp:featuredmedia":[{"embeddable":true,"href":"https:\/\/www.granadablogs.com\/juezcalatayud\/wp-json\/wp\/v2\/media\/19567"}],"wp:attachment":[{"href":"https:\/\/www.granadablogs.com\/juezcalatayud\/wp-json\/wp\/v2\/media?parent=20442"}],"wp:term":[{"taxonomy":"category","embeddable":true,"href":"https:\/\/www.granadablogs.com\/juezcalatayud\/wp-json\/wp\/v2\/categories?post=20442"},{"taxonomy":"post_tag","embeddable":true,"href":"https:\/\/www.granadablogs.com\/juezcalatayud\/wp-json\/wp\/v2\/tags?post=20442"}],"curies":[{"name":"wp","href":"https:\/\/api.w.org\/{rel}","templated":true}]}}