{"id":2039,"date":"2012-10-09T16:57:23","date_gmt":"2012-10-09T15:57:23","guid":{"rendered":"http:\/\/www.granadablogs.com\/juezcalatayud\/?p=2039"},"modified":"2012-10-09T17:59:11","modified_gmt":"2012-10-09T16:59:11","slug":"con-sus-defectos-y-sus-virtudes-%c2%a1viva-espana","status":"publish","type":"post","link":"https:\/\/www.granadablogs.com\/juezcalatayud\/2012\/10\/con-sus-defectos-y-sus-virtudes-%c2%a1viva-espana\/","title":{"rendered":"Con sus defectos y sus virtudes, \u00a1viva Espa\u00f1a!"},"content":{"rendered":"<p><img loading=\"lazy\" decoding=\"async\" class=\"aligncenter size-medium wp-image-2043\" title=\"El juez, con el uniforme de la Roja\" src=\"http:\/\/www.granadablogs.com\/juezcalatayud\/wp-content\/uploads\/2012\/10\/emilio-roja1-300x225.jpg\" alt=\"El juez, con el uniforme de la Roja\" width=\"300\" height=\"225\" srcset=\"https:\/\/www.granadablogs.com\/juezcalatayud\/wp-content\/uploads\/2012\/10\/emilio-roja1-300x225.jpg 300w, https:\/\/www.granadablogs.com\/juezcalatayud\/wp-content\/uploads\/2012\/10\/emilio-roja1.jpg 800w\" sizes=\"auto, (max-width: 300px) 100vw, 300px\" \/>Don Emilio y un servidor nos hemos sumado al movimiento #paraNYTIMES, una iniciativa de mi peri\u00f3dico, IDEAL e ideal.es, que pretende mostrar a los estadounidenses que, adem\u00e1s de la Espa\u00f1a del paro y la recesi\u00f3n, existe otra Espa\u00f1a que, a pesar de los pesares, es solidaria, ayuda e intenta salir adelante&#8230; y si es posible, con una sonrisa, mejor que mejor. Todo empez\u00f3 cuando el diario New York Times, probablemente, el peri\u00f3dico m\u00e1s prestigioso de Estados Unidos, dedic\u00f3 un amplio reportaje a contar la realidad de la crisis econ\u00f3mica que est\u00e1 soportando Espa\u00f1a. El reportaje, las cosas como son, era impresionante: fotograf\u00edas en blanco y negro de jornaleros de J\u00f3dar, Ja\u00e9n, manifest\u00e1ndose y otras im\u00e1genes de personas rebuscando entre las basuras. Entonces, en IDEAL pensamos en enviar a New York Times la otra parte de la historia. Ellos dieron a conoce la cruz y nosotros pretendemos mostrar la cara. Para equilibrar, ya se sabe. El caso es que la iniciativa ha tenido una gran repercusi\u00f3n y medios de toda Espa\u00f1a han secundado la idea. Se trata de que todo el mundo env\u00ede fotos &#8216;optimistas&#8217; a www.alaatenciondelnewyorktimes.com. Hay tiempo hasta el 31 de octubre. Como dec\u00eda al principio, don Emilio y yo hemos apartado nuestro granito de arena. El juez ha elegido una foto (la que encabeza este comentario) en la que se le ve con sus amigos del Albaic\u00edn, el barrio m\u00e1s grana\u00edno de Gran\u00e1, celebrando el triunfo de la Selecci\u00f3n en la \u00faltima Eurocopa. Van con el uniforme oficial de &#8216;La Roja&#8217;, como tiene que ser. Don Emilio explica as\u00ed la foto: \u00abYo soy espa\u00f1ol. Con sus defectos, que los tiene, y sus virtudes, que tambi\u00e9n las tiene, me gusta Espa\u00f1a. \u00a1Viva Espa\u00f1a! Y si de paso logro que mis amigos del barrio salgan en el New York Times, pues menuda sorpresa que se van a llevar\u00bb.<br \/>\nEn la foto que envi\u00e9 yo se ve\u00eda a <a href=\"http:\/\/www.alaatenciondelnewyorktimes.com\/2012\/10\/cuatro-generaciones\/\">mi abuelo (nonagenario), a mi padre (setenta y&#8230;), a un servidor (46 a\u00f1os) y mi hijo (12)<\/a>, compartiendo un banco. Cuatro generaciones en un par de metros. \u00a1Animaos!<\/p>\n","protected":false},"excerpt":{"rendered":"<p>Don Emilio y un servidor nos hemos sumado al movimiento #paraNYTIMES, una iniciativa de mi peri\u00f3dico, IDEAL e ideal.es, que pretende mostrar a los estadounidenses que, adem\u00e1s de la Espa\u00f1a del paro y la recesi\u00f3n, existe otra Espa\u00f1a que, a pesar de los pesares, es solidaria, ayuda e intenta salir adelante&#8230; y si es posible, [&hellip;]<\/p>\n","protected":false},"author":3,"featured_media":0,"comment_status":"open","ping_status":"open","sticky":false,"template":"","format":"standard","meta":{"jetpack_post_was_ever_published":false,"_jetpack_newsletter_access":"","_jetpack_dont_email_post_to_subs":false,"_jetpack_newsletter_tier_id":0,"_jetpack_memberships_contains_paywalled_content":false,"_jetpack_memberships_contains_paid_content":false,"footnotes":""},"categories":[1],"tags":[488],"class_list":["post-2039","post","type-post","status-publish","format-standard","hentry","category-blog","tag-paranytimes"],"jetpack_featured_media_url":"","jetpack_shortlink":"https:\/\/wp.me\/p5fzW5-wT","jetpack-related-posts":[],"jetpack_sharing_enabled":true,"_links":{"self":[{"href":"https:\/\/www.granadablogs.com\/juezcalatayud\/wp-json\/wp\/v2\/posts\/2039","targetHints":{"allow":["GET"]}}],"collection":[{"href":"https:\/\/www.granadablogs.com\/juezcalatayud\/wp-json\/wp\/v2\/posts"}],"about":[{"href":"https:\/\/www.granadablogs.com\/juezcalatayud\/wp-json\/wp\/v2\/types\/post"}],"author":[{"embeddable":true,"href":"https:\/\/www.granadablogs.com\/juezcalatayud\/wp-json\/wp\/v2\/users\/3"}],"replies":[{"embeddable":true,"href":"https:\/\/www.granadablogs.com\/juezcalatayud\/wp-json\/wp\/v2\/comments?post=2039"}],"version-history":[{"count":9,"href":"https:\/\/www.granadablogs.com\/juezcalatayud\/wp-json\/wp\/v2\/posts\/2039\/revisions"}],"predecessor-version":[{"id":2049,"href":"https:\/\/www.granadablogs.com\/juezcalatayud\/wp-json\/wp\/v2\/posts\/2039\/revisions\/2049"}],"wp:attachment":[{"href":"https:\/\/www.granadablogs.com\/juezcalatayud\/wp-json\/wp\/v2\/media?parent=2039"}],"wp:term":[{"taxonomy":"category","embeddable":true,"href":"https:\/\/www.granadablogs.com\/juezcalatayud\/wp-json\/wp\/v2\/categories?post=2039"},{"taxonomy":"post_tag","embeddable":true,"href":"https:\/\/www.granadablogs.com\/juezcalatayud\/wp-json\/wp\/v2\/tags?post=2039"}],"curies":[{"name":"wp","href":"https:\/\/api.w.org\/{rel}","templated":true}]}}