{"id":20369,"date":"2024-10-24T20:29:54","date_gmt":"2024-10-24T18:29:54","guid":{"rendered":"https:\/\/www.granadablogs.com\/juezcalatayud\/?p=20369"},"modified":"2024-10-24T20:29:54","modified_gmt":"2024-10-24T18:29:54","slug":"entrevista-a-don-emilio-he-tenido-peleas-de-ninas-con-lesiones-graves-por-el-novio-son-machistas-ellos-y-ellas","status":"publish","type":"post","link":"https:\/\/www.granadablogs.com\/juezcalatayud\/2024\/10\/entrevista-a-don-emilio-he-tenido-peleas-de-ninas-con-lesiones-graves-por-el-novio-son-machistas-ellos-y-ellas\/","title":{"rendered":"Entrevista a Don Emilio: \u00abHe tenido peleas de ni\u00f1as con lesiones graves por el novio, son machistas ellos y ellas\u00bb"},"content":{"rendered":"<p>Hola, soy Carlos Mor\u00e1n, el compa\u00f1ero de blog de don Emilio. El diario El Progreso de Lugo ha publicado una entrevista con don Emilio en la que, como es habitual en \u00e9l, no se muerde la lengua.\u00a0 Como el motivo de la conversaci\u00f3n era una conferencia telem\u00e1tica sobre la violencia de g\u00e9nero entre los menores, el juez ha dicho lo siguiente: \u00abHay ni\u00f1os y ni\u00f1as muy posesivos. A m\u00ed qu\u00e9 m\u00e1s me da que sea un t\u00edo o una t\u00eda, t\u00fa tienes que tener respeto a esa persona. Pero, claro, con eso de que todo tiene que ser ya mismo, que todo lo quieren ya, pues entonces pasa lo que pasa y mi novio es que es m\u00edo y es m\u00edo. He tenido peleas de ni\u00f1as con lesiones graves por el novio\u00bb.<\/p>\n<p>&nbsp;<\/p>\n<p>La entrevista completa est\u00e1 en <a href=\"https:\/\/www.elprogreso.es\/articulo\/lugo\/emilio-calatayud-entrevista\/202410230915391797184.html\">https:\/\/www.elprogreso.es\/articulo\/lugo\/emilio-calatayud-entrevista\/202410230915391797184.html<\/a><\/p>\n","protected":false},"excerpt":{"rendered":"<p>Hola, soy Carlos Mor\u00e1n, el compa\u00f1ero de blog de don Emilio. El diario El Progreso de Lugo ha publicado una entrevista con don Emilio en la que, como es habitual en \u00e9l, no se muerde la lengua.\u00a0 Como el motivo de la conversaci\u00f3n era una conferencia telem\u00e1tica sobre la violencia de g\u00e9nero entre los menores, [&hellip;]<\/p>\n","protected":false},"author":3,"featured_media":19565,"comment_status":"open","ping_status":"open","sticky":false,"template":"","format":"standard","meta":{"jetpack_post_was_ever_published":false,"_jetpack_newsletter_access":"","_jetpack_dont_email_post_to_subs":false,"_jetpack_newsletter_tier_id":0,"_jetpack_memberships_contains_paywalled_content":false,"_jetpack_memberships_contains_paid_content":false,"footnotes":""},"categories":[],"tags":[3882,22,1151],"class_list":["post-20369","post","type-post","status-publish","format-standard","has-post-thumbnail","hentry","tag-el-progreso","tag-entrevista","tag-lugo"],"jetpack_featured_media_url":"https:\/\/www.granadablogs.com\/juezcalatayud\/wp-content\/uploads\/2024\/05\/Emil-cuatro.jpg","jetpack_shortlink":"https:\/\/wp.me\/p5fzW5-5ix","jetpack-related-posts":[],"jetpack_sharing_enabled":true,"_links":{"self":[{"href":"https:\/\/www.granadablogs.com\/juezcalatayud\/wp-json\/wp\/v2\/posts\/20369","targetHints":{"allow":["GET"]}}],"collection":[{"href":"https:\/\/www.granadablogs.com\/juezcalatayud\/wp-json\/wp\/v2\/posts"}],"about":[{"href":"https:\/\/www.granadablogs.com\/juezcalatayud\/wp-json\/wp\/v2\/types\/post"}],"author":[{"embeddable":true,"href":"https:\/\/www.granadablogs.com\/juezcalatayud\/wp-json\/wp\/v2\/users\/3"}],"replies":[{"embeddable":true,"href":"https:\/\/www.granadablogs.com\/juezcalatayud\/wp-json\/wp\/v2\/comments?post=20369"}],"version-history":[{"count":2,"href":"https:\/\/www.granadablogs.com\/juezcalatayud\/wp-json\/wp\/v2\/posts\/20369\/revisions"}],"predecessor-version":[{"id":20371,"href":"https:\/\/www.granadablogs.com\/juezcalatayud\/wp-json\/wp\/v2\/posts\/20369\/revisions\/20371"}],"wp:featuredmedia":[{"embeddable":true,"href":"https:\/\/www.granadablogs.com\/juezcalatayud\/wp-json\/wp\/v2\/media\/19565"}],"wp:attachment":[{"href":"https:\/\/www.granadablogs.com\/juezcalatayud\/wp-json\/wp\/v2\/media?parent=20369"}],"wp:term":[{"taxonomy":"category","embeddable":true,"href":"https:\/\/www.granadablogs.com\/juezcalatayud\/wp-json\/wp\/v2\/categories?post=20369"},{"taxonomy":"post_tag","embeddable":true,"href":"https:\/\/www.granadablogs.com\/juezcalatayud\/wp-json\/wp\/v2\/tags?post=20369"}],"curies":[{"name":"wp","href":"https:\/\/api.w.org\/{rel}","templated":true}]}}