{"id":20362,"date":"2024-10-23T20:08:06","date_gmt":"2024-10-23T18:08:06","guid":{"rendered":"https:\/\/www.granadablogs.com\/juezcalatayud\/?p=20362"},"modified":"2024-10-23T20:08:06","modified_gmt":"2024-10-23T18:08:06","slug":"tengo-un-olivo-en-el-jardin-pero-como-no-llueva-no-lo-voy-a-poder-varear-una-pena","status":"publish","type":"post","link":"https:\/\/www.granadablogs.com\/juezcalatayud\/2024\/10\/tengo-un-olivo-en-el-jardin-pero-como-no-llueva-no-lo-voy-a-poder-varear-una-pena\/","title":{"rendered":"Tengo un olivo en el jard\u00edn, pero como no llueva no lo voy a poder varear, una pena"},"content":{"rendered":"<p>Buenas, soy Emilio Calatayud. Tengo un olivo en en el jard\u00edn de la casa y estoy preocupado por \u00e9l. Como no llueva, no lo voy a poder varear, una pena. Algunas tardes me siento junto a \u00e9l y miro al cielo para ver si llegan nubes.<\/p>\n<p>Habr\u00e1 quien se pregunte que qu\u00e9 pinta esta historia de mi olivo en el blog. No lo s\u00e9, pero quer\u00eda contarlo. Igual me estoy haciendo jipi, ja, ja, ja.<\/p>\n","protected":false},"excerpt":{"rendered":"<p>Buenas, soy Emilio Calatayud. Tengo un olivo en en el jard\u00edn de la casa y estoy preocupado por \u00e9l. Como no llueva, no lo voy a poder varear, una pena. Algunas tardes me siento junto a \u00e9l y miro al cielo para ver si llegan nubes. Habr\u00e1 quien se pregunte que qu\u00e9 pinta esta historia [&hellip;]<\/p>\n","protected":false},"author":1,"featured_media":8713,"comment_status":"open","ping_status":"open","sticky":false,"template":"","format":"standard","meta":{"jetpack_post_was_ever_published":false,"_jetpack_newsletter_access":"","_jetpack_dont_email_post_to_subs":false,"_jetpack_newsletter_tier_id":0,"_jetpack_memberships_contains_paywalled_content":false,"_jetpack_memberships_contains_paid_content":false,"footnotes":""},"categories":[],"tags":[3881,3880],"class_list":["post-20362","post","type-post","status-publish","format-standard","has-post-thumbnail","hentry","tag-jardin","tag-olivo"],"jetpack_featured_media_url":"https:\/\/www.granadablogs.com\/juezcalatayud\/wp-content\/uploads\/2018\/06\/Notas-emi.jpg","jetpack_shortlink":"https:\/\/wp.me\/p5fzW5-5iq","jetpack-related-posts":[],"jetpack_sharing_enabled":true,"_links":{"self":[{"href":"https:\/\/www.granadablogs.com\/juezcalatayud\/wp-json\/wp\/v2\/posts\/20362","targetHints":{"allow":["GET"]}}],"collection":[{"href":"https:\/\/www.granadablogs.com\/juezcalatayud\/wp-json\/wp\/v2\/posts"}],"about":[{"href":"https:\/\/www.granadablogs.com\/juezcalatayud\/wp-json\/wp\/v2\/types\/post"}],"author":[{"embeddable":true,"href":"https:\/\/www.granadablogs.com\/juezcalatayud\/wp-json\/wp\/v2\/users\/1"}],"replies":[{"embeddable":true,"href":"https:\/\/www.granadablogs.com\/juezcalatayud\/wp-json\/wp\/v2\/comments?post=20362"}],"version-history":[{"count":2,"href":"https:\/\/www.granadablogs.com\/juezcalatayud\/wp-json\/wp\/v2\/posts\/20362\/revisions"}],"predecessor-version":[{"id":20364,"href":"https:\/\/www.granadablogs.com\/juezcalatayud\/wp-json\/wp\/v2\/posts\/20362\/revisions\/20364"}],"wp:featuredmedia":[{"embeddable":true,"href":"https:\/\/www.granadablogs.com\/juezcalatayud\/wp-json\/wp\/v2\/media\/8713"}],"wp:attachment":[{"href":"https:\/\/www.granadablogs.com\/juezcalatayud\/wp-json\/wp\/v2\/media?parent=20362"}],"wp:term":[{"taxonomy":"category","embeddable":true,"href":"https:\/\/www.granadablogs.com\/juezcalatayud\/wp-json\/wp\/v2\/categories?post=20362"},{"taxonomy":"post_tag","embeddable":true,"href":"https:\/\/www.granadablogs.com\/juezcalatayud\/wp-json\/wp\/v2\/tags?post=20362"}],"curies":[{"name":"wp","href":"https:\/\/api.w.org\/{rel}","templated":true}]}}