{"id":20358,"date":"2024-10-21T20:12:33","date_gmt":"2024-10-21T18:12:33","guid":{"rendered":"https:\/\/www.granadablogs.com\/juezcalatayud\/?p=20358"},"modified":"2024-10-21T20:12:33","modified_gmt":"2024-10-21T18:12:33","slug":"los-de-mi-quinta-aprendimos-a-leer-y-escribir-con-los-dictados-en-el-cole-sin-pantallitas-ni-na","status":"publish","type":"post","link":"https:\/\/www.granadablogs.com\/juezcalatayud\/2024\/10\/los-de-mi-quinta-aprendimos-a-leer-y-escribir-con-los-dictados-en-el-cole-sin-pantallitas-ni-na\/","title":{"rendered":"Los de mi quinta aprendimos a leer y escribir con los dictados en el cole, sin pantallitas ni &#8216;na&#8217;"},"content":{"rendered":"<p>Buenas, soy Emilio Calatayud. Me han venido a la cabeza los dictados del &#8216;cole&#8217; de mi infancia. Por turno, los ni\u00f1os \u00edbamos leyendo en voz alta una o dos p\u00e1ginas de un libro mientras el resto escrib\u00eda en su cuaderno el texto. As\u00ed aprendimos los de mi quinta a leer y escribir, gracias a los dictados, sin pantallitas ni &#8216;na&#8217;.<\/p>\n<p>Si no existen ahora, recomiendo que los recuperen. Adem\u00e1s de para aprender a leer y escribir, tambi\u00e9n serv\u00edan para acostumbrarse a hablar en p\u00fablico.<\/p>\n","protected":false},"excerpt":{"rendered":"<p>Buenas, soy Emilio Calatayud. Me han venido a la cabeza los dictados del &#8216;cole&#8217; de mi infancia. Por turno, los ni\u00f1os \u00edbamos leyendo en voz alta una o dos p\u00e1ginas de un libro mientras el resto escrib\u00eda en su cuaderno el texto. As\u00ed aprendimos los de mi quinta a leer y escribir, gracias a los [&hellip;]<\/p>\n","protected":false},"author":1,"featured_media":13905,"comment_status":"open","ping_status":"open","sticky":false,"template":"","format":"standard","meta":{"jetpack_post_was_ever_published":false,"_jetpack_newsletter_access":"","_jetpack_dont_email_post_to_subs":false,"_jetpack_newsletter_tier_id":0,"_jetpack_memberships_contains_paywalled_content":false,"_jetpack_memberships_contains_paid_content":false,"footnotes":""},"categories":[],"tags":[1194,869,3879],"class_list":["post-20358","post","type-post","status-publish","format-standard","has-post-thumbnail","hentry","tag-aprender","tag-cole","tag-dictados"],"jetpack_featured_media_url":"https:\/\/www.granadablogs.com\/juezcalatayud\/wp-content\/uploads\/2020\/11\/Parque-emilio.jpg","jetpack_shortlink":"https:\/\/wp.me\/p5fzW5-5im","jetpack-related-posts":[],"jetpack_sharing_enabled":true,"_links":{"self":[{"href":"https:\/\/www.granadablogs.com\/juezcalatayud\/wp-json\/wp\/v2\/posts\/20358","targetHints":{"allow":["GET"]}}],"collection":[{"href":"https:\/\/www.granadablogs.com\/juezcalatayud\/wp-json\/wp\/v2\/posts"}],"about":[{"href":"https:\/\/www.granadablogs.com\/juezcalatayud\/wp-json\/wp\/v2\/types\/post"}],"author":[{"embeddable":true,"href":"https:\/\/www.granadablogs.com\/juezcalatayud\/wp-json\/wp\/v2\/users\/1"}],"replies":[{"embeddable":true,"href":"https:\/\/www.granadablogs.com\/juezcalatayud\/wp-json\/wp\/v2\/comments?post=20358"}],"version-history":[{"count":1,"href":"https:\/\/www.granadablogs.com\/juezcalatayud\/wp-json\/wp\/v2\/posts\/20358\/revisions"}],"predecessor-version":[{"id":20359,"href":"https:\/\/www.granadablogs.com\/juezcalatayud\/wp-json\/wp\/v2\/posts\/20358\/revisions\/20359"}],"wp:featuredmedia":[{"embeddable":true,"href":"https:\/\/www.granadablogs.com\/juezcalatayud\/wp-json\/wp\/v2\/media\/13905"}],"wp:attachment":[{"href":"https:\/\/www.granadablogs.com\/juezcalatayud\/wp-json\/wp\/v2\/media?parent=20358"}],"wp:term":[{"taxonomy":"category","embeddable":true,"href":"https:\/\/www.granadablogs.com\/juezcalatayud\/wp-json\/wp\/v2\/categories?post=20358"},{"taxonomy":"post_tag","embeddable":true,"href":"https:\/\/www.granadablogs.com\/juezcalatayud\/wp-json\/wp\/v2\/tags?post=20358"}],"curies":[{"name":"wp","href":"https:\/\/api.w.org\/{rel}","templated":true}]}}