{"id":20350,"date":"2024-10-19T19:05:59","date_gmt":"2024-10-19T17:05:59","guid":{"rendered":"https:\/\/www.granadablogs.com\/juezcalatayud\/?p=20350"},"modified":"2024-10-19T19:05:59","modified_gmt":"2024-10-19T17:05:59","slug":"de-los-tres-que-estamos-en-la-mesa-dos-tenemos-cancer-un-abrazo-para-las-pacientes-de-cancer-de-mama-y-sus-familias","status":"publish","type":"post","link":"https:\/\/www.granadablogs.com\/juezcalatayud\/2024\/10\/de-los-tres-que-estamos-en-la-mesa-dos-tenemos-cancer-un-abrazo-para-las-pacientes-de-cancer-de-mama-y-sus-familias\/","title":{"rendered":"De los tres que estamos en la mesa, dos tenemos c\u00e1ncer, un abrazo para las pacientes de c\u00e1ncer de mama y sus familias"},"content":{"rendered":"<p>Buenas, soy Emilio Calatayud. Fijaos en la foto que acompa\u00f1a a este comentario, de los tres amigos que estamos sentados en la mesa, dos tenemos c\u00e1ncer. En este 19 de octubre, d\u00eda Mundial Contra el C\u00e1ncer de Mama mandamos una abrazo para todas las pacientes que tienen la enfermedad y sus familias.<\/p>\n","protected":false},"excerpt":{"rendered":"<p>Buenas, soy Emilio Calatayud. Fijaos en la foto que acompa\u00f1a a este comentario, de los tres amigos que estamos sentados en la mesa, dos tenemos c\u00e1ncer. En este 19 de octubre, d\u00eda Mundial Contra el C\u00e1ncer de Mama mandamos una abrazo para todas las pacientes que tienen la enfermedad y sus familias.<\/p>\n","protected":false},"author":1,"featured_media":20353,"comment_status":"open","ping_status":"open","sticky":false,"template":"","format":"standard","meta":{"jetpack_post_was_ever_published":false,"_jetpack_newsletter_access":"","_jetpack_dont_email_post_to_subs":false,"_jetpack_newsletter_tier_id":0,"_jetpack_memberships_contains_paywalled_content":false,"_jetpack_memberships_contains_paid_content":false,"footnotes":""},"categories":[],"tags":[1,75,635,1346],"class_list":["post-20350","post","type-post","status-publish","format-standard","has-post-thumbnail","hentry","tag-blog","tag-cancer","tag-de","tag-mama"],"jetpack_featured_media_url":"https:\/\/www.granadablogs.com\/juezcalatayud\/wp-content\/uploads\/2024\/10\/Cancer.jpg","jetpack_shortlink":"https:\/\/wp.me\/p5fzW5-5ie","jetpack-related-posts":[],"jetpack_sharing_enabled":true,"_links":{"self":[{"href":"https:\/\/www.granadablogs.com\/juezcalatayud\/wp-json\/wp\/v2\/posts\/20350","targetHints":{"allow":["GET"]}}],"collection":[{"href":"https:\/\/www.granadablogs.com\/juezcalatayud\/wp-json\/wp\/v2\/posts"}],"about":[{"href":"https:\/\/www.granadablogs.com\/juezcalatayud\/wp-json\/wp\/v2\/types\/post"}],"author":[{"embeddable":true,"href":"https:\/\/www.granadablogs.com\/juezcalatayud\/wp-json\/wp\/v2\/users\/1"}],"replies":[{"embeddable":true,"href":"https:\/\/www.granadablogs.com\/juezcalatayud\/wp-json\/wp\/v2\/comments?post=20350"}],"version-history":[{"count":3,"href":"https:\/\/www.granadablogs.com\/juezcalatayud\/wp-json\/wp\/v2\/posts\/20350\/revisions"}],"predecessor-version":[{"id":20354,"href":"https:\/\/www.granadablogs.com\/juezcalatayud\/wp-json\/wp\/v2\/posts\/20350\/revisions\/20354"}],"wp:featuredmedia":[{"embeddable":true,"href":"https:\/\/www.granadablogs.com\/juezcalatayud\/wp-json\/wp\/v2\/media\/20353"}],"wp:attachment":[{"href":"https:\/\/www.granadablogs.com\/juezcalatayud\/wp-json\/wp\/v2\/media?parent=20350"}],"wp:term":[{"taxonomy":"category","embeddable":true,"href":"https:\/\/www.granadablogs.com\/juezcalatayud\/wp-json\/wp\/v2\/categories?post=20350"},{"taxonomy":"post_tag","embeddable":true,"href":"https:\/\/www.granadablogs.com\/juezcalatayud\/wp-json\/wp\/v2\/tags?post=20350"}],"curies":[{"name":"wp","href":"https:\/\/api.w.org\/{rel}","templated":true}]}}