{"id":2034,"date":"2012-10-08T17:25:09","date_gmt":"2012-10-08T16:25:09","guid":{"rendered":"http:\/\/www.granadablogs.com\/juezcalatayud\/?p=2034"},"modified":"2012-10-08T17:27:00","modified_gmt":"2012-10-08T16:27:00","slug":"los-futbolistas-de-elite-tambien-son-padres-y-se-preocupan","status":"publish","type":"post","link":"https:\/\/www.granadablogs.com\/juezcalatayud\/2012\/10\/los-futbolistas-de-elite-tambien-son-padres-y-se-preocupan\/","title":{"rendered":"Los futbolistas de \u00e9lite tambi\u00e9n son padres&#8230; y se preocupan"},"content":{"rendered":"<p>Buenas, soy Emilio Calatayud y os voy a contar una bonita historia que me pas\u00f3 ya hace unas semanas. Volaba de La Coru\u00f1a\u00a0 a Madrid y en el avi\u00f3n viajaba el Deportivo de\u00a0La Coru\u00f1a. Ten\u00edan que jugar contra el Real Madrid. Sub\u00ed al avi\u00f3n y me sent\u00e9 entre dos j\u00f3venes&#8230; y el caso es que sus caras me sonaban, pero no ca\u00eda. Los dos j\u00f3venes estaban haci\u00e9ndose fotos con el m\u00f3vil y como yo estaba en medio, sal\u00eda en todas. As\u00ed que se lo dije. Les estaba estropeando las fotos y ellos no se estaban dando cuenta. Entonces, uno de ellos se qued\u00f3 mirando una de las im\u00e1genes que hab\u00eda tomado y en la que aparec\u00eda yo, y me pregunt\u00f3: &#8216;Oiga, usted es juez, \u00a1no?&#8217;. Les dije que s\u00ed, que era juez de Menores en Granada. Ellos eran Marchena y Camu\u00f1as, futbolistas del &#8216;Depor&#8217; -el primero fue incluso internacional- y \u00a1resulta que me conoc\u00edan!. Marchena, que es de Sevilla, record\u00f3 que yo hab\u00eda dado una charla en su pueblo y los dos hab\u00edan visto algunos de los v\u00eddeos que la gente ha ido subiendo a Internet. A partir de ah\u00ed, empezamos a hablar de los hijos y de la tarea de educar, etc. Fue muy agradable. El viaje se me pas\u00f3 volando, y nunca mejor dicho. Ellos eran padres preocupados, como cualquiera de nosotros. Ya s\u00e9 que es lo normal, pero, a veces se nos olvida que los futbolistas de \u00e9lite tambi\u00e9n son personas de carne y hueso. Nos hicimos m\u00e1s fotos, esta vez, a sabiendas, y me prometieron que me iban a mandar una camiseta del &#8216;Depor&#8217;. Adem\u00e1s, nos mantenemos en contacto mediante mensajes de m\u00f3vil. Luego perdieron 5 a 1 con el Madrid y yo soy &#8216;merengue&#8217;, pero tambi\u00e9n del Granada&#8230;. y ahora del &#8216;Depor&#8217;, claro. Un saludo.<\/p>\n","protected":false},"excerpt":{"rendered":"<p>Buenas, soy Emilio Calatayud y os voy a contar una bonita historia que me pas\u00f3 ya hace unas semanas. Volaba de La Coru\u00f1a\u00a0 a Madrid y en el avi\u00f3n viajaba el Deportivo de\u00a0La Coru\u00f1a. Ten\u00edan que jugar contra el Real Madrid. Sub\u00ed al avi\u00f3n y me sent\u00e9 entre dos j\u00f3venes&#8230; y el caso es que [&hellip;]<\/p>\n","protected":false},"author":2,"featured_media":0,"comment_status":"open","ping_status":"open","sticky":false,"template":"","format":"standard","meta":{"jetpack_post_was_ever_published":false,"_jetpack_newsletter_access":"","_jetpack_dont_email_post_to_subs":false,"_jetpack_newsletter_tier_id":0,"_jetpack_memberships_contains_paywalled_content":false,"_jetpack_memberships_contains_paid_content":false,"footnotes":""},"categories":[1],"tags":[487],"class_list":["post-2034","post","type-post","status-publish","format-standard","hentry","category-blog","tag-deportivo-de-la-coruna"],"jetpack_featured_media_url":"","jetpack_shortlink":"https:\/\/wp.me\/p5fzW5-wO","jetpack-related-posts":[],"jetpack_sharing_enabled":true,"_links":{"self":[{"href":"https:\/\/www.granadablogs.com\/juezcalatayud\/wp-json\/wp\/v2\/posts\/2034","targetHints":{"allow":["GET"]}}],"collection":[{"href":"https:\/\/www.granadablogs.com\/juezcalatayud\/wp-json\/wp\/v2\/posts"}],"about":[{"href":"https:\/\/www.granadablogs.com\/juezcalatayud\/wp-json\/wp\/v2\/types\/post"}],"author":[{"embeddable":true,"href":"https:\/\/www.granadablogs.com\/juezcalatayud\/wp-json\/wp\/v2\/users\/2"}],"replies":[{"embeddable":true,"href":"https:\/\/www.granadablogs.com\/juezcalatayud\/wp-json\/wp\/v2\/comments?post=2034"}],"version-history":[{"count":4,"href":"https:\/\/www.granadablogs.com\/juezcalatayud\/wp-json\/wp\/v2\/posts\/2034\/revisions"}],"predecessor-version":[{"id":2037,"href":"https:\/\/www.granadablogs.com\/juezcalatayud\/wp-json\/wp\/v2\/posts\/2034\/revisions\/2037"}],"wp:attachment":[{"href":"https:\/\/www.granadablogs.com\/juezcalatayud\/wp-json\/wp\/v2\/media?parent=2034"}],"wp:term":[{"taxonomy":"category","embeddable":true,"href":"https:\/\/www.granadablogs.com\/juezcalatayud\/wp-json\/wp\/v2\/categories?post=2034"},{"taxonomy":"post_tag","embeddable":true,"href":"https:\/\/www.granadablogs.com\/juezcalatayud\/wp-json\/wp\/v2\/tags?post=2034"}],"curies":[{"name":"wp","href":"https:\/\/api.w.org\/{rel}","templated":true}]}}