{"id":2030,"date":"2012-10-03T18:02:00","date_gmt":"2012-10-03T17:02:00","guid":{"rendered":"http:\/\/www.granadablogs.com\/juezcalatayud\/?p=2030"},"modified":"2012-10-03T18:02:00","modified_gmt":"2012-10-03T17:02:00","slug":"bajan-todos-los-delitos-salvo-el-maltrato-de-hijos-a-padres-que-va-a-mas","status":"publish","type":"post","link":"https:\/\/www.granadablogs.com\/juezcalatayud\/2012\/10\/bajan-todos-los-delitos-salvo-el-maltrato-de-hijos-a-padres-que-va-a-mas\/","title":{"rendered":"Bajan todos los delitos salvo el maltrato de hijos a padres, que va a m\u00e1s"},"content":{"rendered":"<p>Buenas, soy Emilio Calatayud. Acabo de volver de unos d\u00edas de descanso y me encuentro con que\u00a0cada vez es m\u00e1s pronunciada la\u00a0tendencia en la bajada de los delitos cometidos por menores. Creo que en otro comentario ya habl\u00e9 de este tema. No tengo una explicaci\u00f3n\u00a0para este fen\u00f3meno, pero creo que puede deberse a que, debido a la crisis, los chicos est\u00e1n volviendo al colegio y, adem\u00e1s, los padres est\u00e1n m\u00e1s con ellos\u00a0porque o se han quedado en paro o se sale menos. Sin embargo, hay una excepci\u00f3n, bajan todo los delitos menos el maltrato de hijos a padres, que va a m\u00e1s. La mayor\u00eda de los casos que nos entran en el juzgado son de este tipo. Y, en verano, hemos tenido bastantes juicios r\u00e1pidos por esta clase de violencia. Supongo que tendr\u00e1 que ver con las vacaciones. Aqu\u00ed pasa lo contrario de lo que dec\u00eda antes: al reunirse las familias por las vacaciones, pueden saltar chispas. Es preocupante, la verdad. Estamos hablando de chicos y chicas normales que pertenecen a familias normales. Un saludo.<\/p>\n","protected":false},"excerpt":{"rendered":"<p>Buenas, soy Emilio Calatayud. Acabo de volver de unos d\u00edas de descanso y me encuentro con que\u00a0cada vez es m\u00e1s pronunciada la\u00a0tendencia en la bajada de los delitos cometidos por menores. Creo que en otro comentario ya habl\u00e9 de este tema. No tengo una explicaci\u00f3n\u00a0para este fen\u00f3meno, pero creo que puede deberse a que, debido [&hellip;]<\/p>\n","protected":false},"author":2,"featured_media":0,"comment_status":"open","ping_status":"open","sticky":false,"template":"","format":"standard","meta":{"jetpack_post_was_ever_published":false,"_jetpack_newsletter_access":"","_jetpack_dont_email_post_to_subs":false,"_jetpack_newsletter_tier_id":0,"_jetpack_memberships_contains_paywalled_content":false,"_jetpack_memberships_contains_paid_content":false,"footnotes":""},"categories":[1],"tags":[485,365],"class_list":["post-2030","post","type-post","status-publish","format-standard","hentry","category-blog","tag-bajan","tag-delitos"],"jetpack_featured_media_url":"","jetpack_shortlink":"https:\/\/wp.me\/p5fzW5-wK","jetpack-related-posts":[],"jetpack_sharing_enabled":true,"_links":{"self":[{"href":"https:\/\/www.granadablogs.com\/juezcalatayud\/wp-json\/wp\/v2\/posts\/2030","targetHints":{"allow":["GET"]}}],"collection":[{"href":"https:\/\/www.granadablogs.com\/juezcalatayud\/wp-json\/wp\/v2\/posts"}],"about":[{"href":"https:\/\/www.granadablogs.com\/juezcalatayud\/wp-json\/wp\/v2\/types\/post"}],"author":[{"embeddable":true,"href":"https:\/\/www.granadablogs.com\/juezcalatayud\/wp-json\/wp\/v2\/users\/2"}],"replies":[{"embeddable":true,"href":"https:\/\/www.granadablogs.com\/juezcalatayud\/wp-json\/wp\/v2\/comments?post=2030"}],"version-history":[{"count":1,"href":"https:\/\/www.granadablogs.com\/juezcalatayud\/wp-json\/wp\/v2\/posts\/2030\/revisions"}],"predecessor-version":[{"id":2031,"href":"https:\/\/www.granadablogs.com\/juezcalatayud\/wp-json\/wp\/v2\/posts\/2030\/revisions\/2031"}],"wp:attachment":[{"href":"https:\/\/www.granadablogs.com\/juezcalatayud\/wp-json\/wp\/v2\/media?parent=2030"}],"wp:term":[{"taxonomy":"category","embeddable":true,"href":"https:\/\/www.granadablogs.com\/juezcalatayud\/wp-json\/wp\/v2\/categories?post=2030"},{"taxonomy":"post_tag","embeddable":true,"href":"https:\/\/www.granadablogs.com\/juezcalatayud\/wp-json\/wp\/v2\/tags?post=2030"}],"curies":[{"name":"wp","href":"https:\/\/api.w.org\/{rel}","templated":true}]}}